{"id":212839,"date":"2025-03-25T17:44:01","date_gmt":"2025-03-25T17:44:01","guid":{"rendered":"https:\/\/rnoticias.com.mx\/Portal\/?p=212839"},"modified":"2025-03-25T17:44:01","modified_gmt":"2025-03-25T17:44:01","slug":"medico-que-trato-al-papa-confiesa-que-tan-cerca-estuvo-de-la-muerte","status":"publish","type":"post","link":"https:\/\/rnoticias.com.mx\/Portal\/2025\/03\/25\/medico-que-trato-al-papa-confiesa-que-tan-cerca-estuvo-de-la-muerte\/","title":{"rendered":"M\u00e9dico que trat\u00f3 al Papa confiesa qu\u00e9 tan cerca estuvo de la muerte"},"content":{"rendered":"<p><strong>Sergio Alfieri narr\u00f3 c\u00f3mo fue la experiencia del Papa Francisco en el hospital Gemelli\u00a0<\/strong>en una entrevista con el medio italiano \u201cCorriere della Sera\u201d. Confes\u00f3 que\u00a0<strong>hubo un momento &#8220;en el que se tuvo que decidir entre parar y dejarlo ir o probar con todos los medicamentos y terapias posibles<\/strong>, corriendo un riesgo muy alto&#8221;.<\/p>\n<p><strong>Alfieri<\/strong>, que ya oper\u00f3 a\u00a0<strong>Francisco<\/strong>, de 88 a\u00f1os, en pasadas ocasiones, afirma en esta entrevista que en ese momento &#8220;<strong>Francisco sab\u00eda que pod\u00eda mori<\/strong>r&#8221; y &#8220;<strong>los que estaban a su alrededor ten\u00edan l\u00e1grimas en los ojos<\/strong>&#8221; y \u00e9l mismo dijo: &#8220;<strong>Esto es malo<\/strong>&#8220;.<\/p>\n<p>El peor momento de los\u00a0<strong>38 d\u00edas\u00a0<\/strong>que el pont\u00edfice argentino ha pasado en el hospital por una\u00a0<strong>infecci\u00f3n respiratoria\u00a0<\/strong>que deriv\u00f3 en una\u00a0<strong>neumon\u00eda bilateral\u00a0<\/strong>fue el\u00a0<strong>28 de febrero<\/strong>, cuando tuvo un episodio de\u00a0<strong>broncoespasmo<\/strong>.<\/p>\n<p>&#8220;Por primera vez\u00a0<strong>vi l\u00e1grimas en los ojos de algunas personas a su alrededor<\/strong>. Personas que, seg\u00fan he podido entender durante este periodo de hospitalizaci\u00f3n, lo quieren sinceramente, como a un padre. Todos sab\u00edamos que\u00a0<strong>la situaci\u00f3n hab\u00eda empeorado a\u00fan m\u00e1s y que exist\u00eda el riesgo de que no lo logr\u00e1ramos<\/strong>&#8220;, desvela\u00a0<strong>Alfieri<\/strong>.<\/p>\n<p>Y explica: &#8220;<strong>Tuvimos que elegir entre parar y dejarlo ir o forzarlo y probar todos los medicamentos y terapias posibles,<\/strong>\u00a0corriendo el riesgo muy alto de da\u00f1ar otros \u00f3rganos.\u00a0<strong>Y al final tomamos este camino<\/strong>&#8220;.<\/p>\n<p>Tom\u00f3 la decisi\u00f3n, revela el doctor del\u00a0<strong>Gemelli<\/strong>, &#8220;Massimiliano Strappetti, su m\u00e9dico personal, que conoce perfectamente los deseos del\u00a0<strong>Papa<\/strong>&#8220;, quien dijo:<strong>\u00a0&#8220;Int\u00e9ntalo todo, no te rindas. Eso es lo que todos pens\u00e1bamos tambi\u00e9n. Y nadie se rindi\u00f3<\/strong>&#8220;.<\/p>\n<p>Se\u00f1ala que\u00a0<strong>el Papa se dio cuenta de que pod\u00eda morir<\/strong>\u00a0&#8220;porque incluso cuando su condici\u00f3n empeor\u00f3, estaba completamente consciente&#8221;.<\/p>\n<p>&#8220;Aquella noche fue terrible,<strong>\u00a0\u00e9l sab\u00eda, como nosotros, que quiz\u00e1 no sobreviviera a aquella noche<\/strong>. Vimos al hombre que estaba sufriendo. Pero desde el primer d\u00eda nos pidi\u00f3 que le dij\u00e9ramos la verdad sobre sus condiciones&#8221;, a\u00f1ade.<\/p>\n<p>&#8220;Durante d\u00edas\u00a0<strong>corrimos el riesgo de da\u00f1ar los ri\u00f1ones y la m\u00e9dula \u00f3sea,<\/strong>\u00a0pero seguimos adelante; luego el organismo respondi\u00f3 a los tratamientos y la infecci\u00f3n pulmonar mejor\u00f3&#8221;, describe.<\/p>\n<p>Despu\u00e9s lleg\u00f3\u00a0<strong>el segundo episodio en el que el papa estuvo a punto de morir<\/strong>: &#8220;Est\u00e1bamos saliendo del momento m\u00e1s duro,\u00a0<strong>mientras el Papa com\u00eda, vomit\u00f3 y aspir\u00f3<\/strong>. Fue el segundo momento verdaderamente cr\u00edtico porque en estos casos, si no se rescata con prontitud,<strong>\u00a0existe el riesgo de muerte s\u00fabita\u00a0<\/strong>adem\u00e1s de complicaciones en los pulmones que ya eran los \u00f3rganos m\u00e1s comprometidos.\u00a0<strong>Fue terrible, realmente pensamos que no lo lograr\u00edamos<\/strong>&#8220;.<\/p>\n<p>Recuerda\u00a0<strong>Alfieri\u00a0<\/strong>que hubo un momento particular: &#8220;Cuando, en el momento m\u00e1s dif\u00edcil, me cogi\u00f3 la mano durante unos minutos como buscando consuelo&#8221;.<\/p>\n<p>Tambi\u00e9n destaca<strong>\u00a0el buen humor del Papa<\/strong>\u00a0durante\u00a0<strong>toda su estancia en el hospital<\/strong>\u00a0y cuenta: &#8220;<strong>En cuanto empez\u00f3 a sentirse mejor pidi\u00f3 dar una vuelta por la sala<\/strong>. Le preguntamos si quer\u00eda que cerr\u00e1ramos las habitaciones de los pacientes pero en lugar de eso mir\u00f3 a su alrededor en busca de la mirada de los otros pacientes. Se desplazaba en silla de ruedas, un d\u00eda sali\u00f3 de la habitaci\u00f3n cinco veces, quiz\u00e1 m\u00e1s&#8221;.<\/p>\n<p>Y explica que una tarde &#8220;le entreg\u00f3 el dinero a uno de los colaboradores y ofreci\u00f3 pizza a quienes lo hab\u00edan ayudado ese d\u00eda&#8221;.<\/p>\n<p>Sobre el regreso al\u00a0<strong>Vaticano<\/strong>, a su residencia en Santa Marta,<strong>\u00a0Alfieri comenta que una ma\u00f1ana le dijo: &#8220;Sigo vivo, \u00bfcu\u00e1ndo nos vamos a casa?&#8221;<\/strong>.<\/p>\n<p>Y sobre los rumores de que hab\u00eda fallecido, explica que el Papa &#8220;siempre estaba informado de lo que ocurr\u00eda y\u00a0<strong>siempre reaccionaba con su iron\u00eda habitual<\/strong>&#8220;.<\/p>\n<p>Respecto a la nueva etapa de convalecencia destaca que &#8220;hay prescripciones que se deben observar, como\u00a0<strong>evitar el contacto con grupos de personas o con ni\u00f1os que puedan ser veh\u00edculo de nuevos contagios<\/strong>. Cuando se fue conversamos y prometimos no desperdiciar el esfuerzo que hab\u00edamos realizado&#8221;.<\/p>\n<p>&#8220;Pero \u00e9l es el\u00a0<strong>Papa<\/strong>, no somos nosotros los que podemos dictar el comportamiento&#8221;, a\u00f1ade.<\/p>\n","protected":false},"excerpt":{"rendered":"<p>Sergio Alfieri narr\u00f3 c\u00f3mo fue la experiencia del Papa Francisco en el hospital Gemelli\u00a0en una entrevista con el medio italiano \u201cCorriere della Sera\u201d. Confes\u00f3 que\u00a0hubo un momento &#8220;en el que se tuvo que decidir entre parar y dejarlo ir o probar con todos los medicamentos y terapias posibles, corriendo un riesgo muy alto&#8221;. Alfieri, que [&hellip;]<\/p>\n","protected":false},"author":2,"featured_media":212840,"comment_status":"closed","ping_status":"closed","sticky":false,"template":"","format":"standard","meta":{"footnotes":""},"categories":[12870,182],"tags":[12865,12871],"class_list":["post-212839","post","type-post","status-publish","format-standard","has-post-thumbnail","hentry","category-destacadas","category-internacional","tag-destacadas","tag-internacional"],"jetpack_featured_media_url":"https:\/\/rnoticias.com.mx\/Portal\/wp-content\/uploads\/2025\/03\/papa-francisco-medico-salud.jpg","amp_enabled":true,"_links":{"self":[{"href":"https:\/\/rnoticias.com.mx\/Portal\/wp-json\/wp\/v2\/posts\/212839","targetHints":{"allow":["GET"]}}],"collection":[{"href":"https:\/\/rnoticias.com.mx\/Portal\/wp-json\/wp\/v2\/posts"}],"about":[{"href":"https:\/\/rnoticias.com.mx\/Portal\/wp-json\/wp\/v2\/types\/post"}],"author":[{"embeddable":true,"href":"https:\/\/rnoticias.com.mx\/Portal\/wp-json\/wp\/v2\/users\/2"}],"replies":[{"embeddable":true,"href":"https:\/\/rnoticias.com.mx\/Portal\/wp-json\/wp\/v2\/comments?post=212839"}],"version-history":[{"count":1,"href":"https:\/\/rnoticias.com.mx\/Portal\/wp-json\/wp\/v2\/posts\/212839\/revisions"}],"predecessor-version":[{"id":212841,"href":"https:\/\/rnoticias.com.mx\/Portal\/wp-json\/wp\/v2\/posts\/212839\/revisions\/212841"}],"wp:featuredmedia":[{"embeddable":true,"href":"https:\/\/rnoticias.com.mx\/Portal\/wp-json\/wp\/v2\/media\/212840"}],"wp:attachment":[{"href":"https:\/\/rnoticias.com.mx\/Portal\/wp-json\/wp\/v2\/media?parent=212839"}],"wp:term":[{"taxonomy":"category","embeddable":true,"href":"https:\/\/rnoticias.com.mx\/Portal\/wp-json\/wp\/v2\/categories?post=212839"},{"taxonomy":"post_tag","embeddable":true,"href":"https:\/\/rnoticias.com.mx\/Portal\/wp-json\/wp\/v2\/tags?post=212839"}],"curies":[{"name":"wp","href":"https:\/\/api.w.org\/{rel}","templated":true}]}}