{"id":212836,"date":"2025-03-25T17:18:26","date_gmt":"2025-03-25T17:18:26","guid":{"rendered":"https:\/\/rnoticias.com.mx\/Portal\/?p=212836"},"modified":"2025-03-25T17:18:26","modified_gmt":"2025-03-25T17:18:26","slug":"cajeme-tendra-feria-nacional-para-la-mujer-sne","status":"publish","type":"post","link":"https:\/\/rnoticias.com.mx\/Portal\/2025\/03\/25\/cajeme-tendra-feria-nacional-para-la-mujer-sne\/","title":{"rendered":"Cajeme tendr\u00e1 Feria Nacional para la Mujer: SNE"},"content":{"rendered":"<p>Para continuar con los eventos en el marco del\u00a0<strong>mes de la mujer<\/strong>, este martes la\u00a0<strong>Feria Nacional<\/strong>\u00a0del Empleo realizada por el\u00a0<strong>Servicio Nacional<\/strong>\u00a0del Empleo (<strong>SNE<\/strong>), llegar\u00e1 a Cajeme de manera simult\u00e1nea con el Estado de Zacatecas,\u00a0inform\u00f3 David Soto Alday, secretario del trabajo en Sonora.<\/p>\n<p>La feria se llevar\u00e1 a cabo en la calle Sufragio Efectivo entre calle No Reelecci\u00f3n, y calle Vicente Guerrero, a partir de las 9 de la ma\u00f1ana y culminar\u00e1 con la recolecci\u00f3n de solicitudes a las 2 de la tarde, sin embargo, en caso de que no alcance a llegar en estos horarios, tambi\u00e9n se puede tener acceso al\u00a0<strong>registro en l\u00ednea<\/strong>.<\/p>\n<div class=\"espacio-publicidad\"><\/div>\n<p>El\u00a0<strong>Servicio Nacional<\/strong>\u00a0del Empleo, tambi\u00e9n brinda la opci\u00f3n de encontrar\u00a0<strong>empleo<\/strong>\u00a0ingresando al portal\u00a0<a title=\"www.empleo.gob.mx\/PortalDigital\" href=\"http:\/\/www.empleo.gob.mx\/PortalDigital\" target=\"_blank\" rel=\"nofollow noopener noreferrer\" data-saferedirecturl=\"https:\/\/www.google.com\/url?q=http:\/\/www.empleo.gob.mx\/PortalDigital&amp;source=gmail&amp;ust=1742966076553000&amp;usg=AOvVaw1Jq0quVKAp7NhFxvW9ozMz\">www.empleo.gob.mx\/<wbr \/>PortalDigital<\/a>\u00a0donde el interesado podr\u00e1 ingresar el trabajo, profesi\u00f3n, oficio o habilidad que tenga y su localidad para poder acceder a las opciones de las empresas que ya se encuentran registradas en el padr\u00f3n de empleadores.<\/p>\n<p>Soto Alday, record\u00f3 que en la pasada\u00a0<strong>Feria del Empleo para las Mujeres\u00a0<\/strong>que se llev\u00f3 a cabo en la capital del Estado se ofertaron m\u00e1s de mil\u00a0<strong>vacantes<\/strong>\u00a0y que participaron aproximadamente cuarenta empresas de los sectores de la construcci\u00f3n, tiendas de autoservicio, electr\u00f3nica y manufactura.<\/p>\n<div class=\"espacio-publicidad\"><\/div>\n<p>Esta gira de la\u00a0<strong>Feria nacional<\/strong>\u00a0para las\u00a0<strong>mujeres<\/strong>\u00a0coordinada por la\u00a0<strong>SNE<\/strong>, culminar\u00e1 el pr\u00f3ximo 28 de marzo en la ciudad de Iguala, Guerrero, para retomar las ferias regulares que se realizan en cada municipio y adem\u00e1s se continuar\u00e1n las\u00a0<strong>vacantes<\/strong>\u00a0que vayan surgiendo a trav\u00e9s de las plataformas estatales oficiales.<\/p>\n<h2><strong><u>NAVOJOA<\/u><\/strong><\/h2>\n<p>En el caso de\u00a0<strong>Navojoa<\/strong>\u00a0esta semana se abrieron dos nuevas\u00a0<strong>vacantes<\/strong>\u00a0a trav\u00e9s del\u00a0<strong>SNE<\/strong>, una corresponde a la empresa de alimentos\u00a0KOWI, que solicita un dise\u00f1ador, los interesados podr\u00e1n comunicarse al (642) 4223143 de lunes a viernes de 8:00 a 15:00 horas; la segunda vacante es de Farmapronto, empresa que solicita auxiliar de encargado en inventarios y se pueden comunicar al (642) 4223143.<\/p>\n<p>&nbsp;<\/p>\n<p>Diario del Yaqui<\/p>\n","protected":false},"excerpt":{"rendered":"<p>Para continuar con los eventos en el marco del\u00a0mes de la mujer, este martes la\u00a0Feria Nacional\u00a0del Empleo realizada por el\u00a0Servicio Nacional\u00a0del Empleo (SNE), llegar\u00e1 a Cajeme de manera simult\u00e1nea con el Estado de Zacatecas,\u00a0inform\u00f3 David Soto Alday, secretario del trabajo en Sonora. La feria se llevar\u00e1 a cabo en la calle Sufragio Efectivo entre calle [&hellip;]<\/p>\n","protected":false},"author":2,"featured_media":212837,"comment_status":"closed","ping_status":"closed","sticky":false,"template":"","format":"standard","meta":{"footnotes":""},"categories":[12870,174],"tags":[12865,12873],"class_list":["post-212836","post","type-post","status-publish","format-standard","has-post-thumbnail","hentry","category-destacadas","category-estatal","tag-destacadas","tag-estatal"],"jetpack_featured_media_url":"https:\/\/rnoticias.com.mx\/Portal\/wp-content\/uploads\/2025\/03\/b7Y1L9zN_200x200.jpg","amp_enabled":true,"_links":{"self":[{"href":"https:\/\/rnoticias.com.mx\/Portal\/wp-json\/wp\/v2\/posts\/212836","targetHints":{"allow":["GET"]}}],"collection":[{"href":"https:\/\/rnoticias.com.mx\/Portal\/wp-json\/wp\/v2\/posts"}],"about":[{"href":"https:\/\/rnoticias.com.mx\/Portal\/wp-json\/wp\/v2\/types\/post"}],"author":[{"embeddable":true,"href":"https:\/\/rnoticias.com.mx\/Portal\/wp-json\/wp\/v2\/users\/2"}],"replies":[{"embeddable":true,"href":"https:\/\/rnoticias.com.mx\/Portal\/wp-json\/wp\/v2\/comments?post=212836"}],"version-history":[{"count":1,"href":"https:\/\/rnoticias.com.mx\/Portal\/wp-json\/wp\/v2\/posts\/212836\/revisions"}],"predecessor-version":[{"id":212838,"href":"https:\/\/rnoticias.com.mx\/Portal\/wp-json\/wp\/v2\/posts\/212836\/revisions\/212838"}],"wp:featuredmedia":[{"embeddable":true,"href":"https:\/\/rnoticias.com.mx\/Portal\/wp-json\/wp\/v2\/media\/212837"}],"wp:attachment":[{"href":"https:\/\/rnoticias.com.mx\/Portal\/wp-json\/wp\/v2\/media?parent=212836"}],"wp:term":[{"taxonomy":"category","embeddable":true,"href":"https:\/\/rnoticias.com.mx\/Portal\/wp-json\/wp\/v2\/categories?post=212836"},{"taxonomy":"post_tag","embeddable":true,"href":"https:\/\/rnoticias.com.mx\/Portal\/wp-json\/wp\/v2\/tags?post=212836"}],"curies":[{"name":"wp","href":"https:\/\/api.w.org\/{rel}","templated":true}]}}