{"id":212833,"date":"2025-03-25T17:16:01","date_gmt":"2025-03-25T17:16:01","guid":{"rendered":"https:\/\/rnoticias.com.mx\/Portal\/?p=212833"},"modified":"2025-03-25T17:16:01","modified_gmt":"2025-03-25T17:16:01","slug":"fgjes-formula-imputacion-contra-dos-menores-implicados-en-robo-con-violencia-en-hermosillo","status":"publish","type":"post","link":"https:\/\/rnoticias.com.mx\/Portal\/2025\/03\/25\/fgjes-formula-imputacion-contra-dos-menores-implicados-en-robo-con-violencia-en-hermosillo\/","title":{"rendered":"FGJES formula imputaci\u00f3n contra dos menores implicados en robo con violencia en Hermosillo"},"content":{"rendered":"<p>Hermosillo, Sonora, 24 de marzo de 2025.- La Fiscal\u00eda General de Justicia del Estado de Sonora (FGJES), formul\u00f3 imputaci\u00f3n en contra de dos menores de 17 y 15 a\u00f1os, se\u00f1alados como probables responsables del delito de robo con violencia en las personas, cometido de noche y por dos o m\u00e1s personas, portando armas en perjuicio de Pedro Antonio \u201cN\u201d, de 18 a\u00f1os.<\/p>\n<p>Los hechos ocurrieron el 24 de marzo de 2025, aproximadamente a las 02:50 horas, en la colonia Privada del Real en Hermosillo, Sonora.<\/p>\n<p>De acuerdo con las investigaciones, los adolescentes menores en conflicto con la ley, junto con otra persona, rodearon a la v\u00edctima y lo amenazaron con un arma de fuego apuntando directamente a la cabeza, tambi\u00e9n lo agred\u00edan con un cuchillo y un machete mientras que la v\u00edctima pidi\u00f3 auxilio en repetidas ocasiones.<\/p>\n<p>Al percatarse de lo que suced\u00eda, elementos de la Polic\u00eda Municipal que transitaban por el lugar intentaron intervenir deteniendo a dos de ellos, sin embargo los restantes huyeron del sitio.<\/p>\n<p>Los menores fueron puestos a disposici\u00f3n del Ministerio P\u00fablico, quien inici\u00f3 las diligencias correspondientes para resolver su situaci\u00f3n jur\u00eddica, mientras tanto, se mantendr\u00e1 a los menores internados en el ITAMA.<\/p>\n<p>Este caso refrenda el compromiso de la FGJES con la procuraci\u00f3n de justicia, especialmente en casos que involucran a adolescentes en conductas antisociales, de igual forma se invita a la poblaci\u00f3n a interponer la denuncia correspondiente en caso de haber sido v\u00edctima de estos j\u00f3venes, pues se tiene conocimiento de su posible participaci\u00f3n en diversos ilicitos en el sector norte de la ciudad.<\/p>\n","protected":false},"excerpt":{"rendered":"<p>Hermosillo, Sonora, 24 de marzo de 2025.- La Fiscal\u00eda General de Justicia del Estado de Sonora (FGJES), formul\u00f3 imputaci\u00f3n en contra de dos menores de 17 y 15 a\u00f1os, se\u00f1alados como probables responsables del delito de robo con violencia en las personas, cometido de noche y por dos o m\u00e1s personas, portando armas en perjuicio [&hellip;]<\/p>\n","protected":false},"author":2,"featured_media":212834,"comment_status":"closed","ping_status":"closed","sticky":false,"template":"","format":"standard","meta":{"footnotes":""},"categories":[12870,178],"tags":[12865,12869],"class_list":["post-212833","post","type-post","status-publish","format-standard","has-post-thumbnail","hentry","category-destacadas","category-local","tag-destacadas","tag-local"],"jetpack_featured_media_url":"https:\/\/rnoticias.com.mx\/Portal\/wp-content\/uploads\/2025\/03\/5662ef9f-9fdb-4f47-841a-beaa73b179fa.jpg","amp_enabled":true,"_links":{"self":[{"href":"https:\/\/rnoticias.com.mx\/Portal\/wp-json\/wp\/v2\/posts\/212833","targetHints":{"allow":["GET"]}}],"collection":[{"href":"https:\/\/rnoticias.com.mx\/Portal\/wp-json\/wp\/v2\/posts"}],"about":[{"href":"https:\/\/rnoticias.com.mx\/Portal\/wp-json\/wp\/v2\/types\/post"}],"author":[{"embeddable":true,"href":"https:\/\/rnoticias.com.mx\/Portal\/wp-json\/wp\/v2\/users\/2"}],"replies":[{"embeddable":true,"href":"https:\/\/rnoticias.com.mx\/Portal\/wp-json\/wp\/v2\/comments?post=212833"}],"version-history":[{"count":1,"href":"https:\/\/rnoticias.com.mx\/Portal\/wp-json\/wp\/v2\/posts\/212833\/revisions"}],"predecessor-version":[{"id":212835,"href":"https:\/\/rnoticias.com.mx\/Portal\/wp-json\/wp\/v2\/posts\/212833\/revisions\/212835"}],"wp:featuredmedia":[{"embeddable":true,"href":"https:\/\/rnoticias.com.mx\/Portal\/wp-json\/wp\/v2\/media\/212834"}],"wp:attachment":[{"href":"https:\/\/rnoticias.com.mx\/Portal\/wp-json\/wp\/v2\/media?parent=212833"}],"wp:term":[{"taxonomy":"category","embeddable":true,"href":"https:\/\/rnoticias.com.mx\/Portal\/wp-json\/wp\/v2\/categories?post=212833"},{"taxonomy":"post_tag","embeddable":true,"href":"https:\/\/rnoticias.com.mx\/Portal\/wp-json\/wp\/v2\/tags?post=212833"}],"curies":[{"name":"wp","href":"https:\/\/api.w.org\/{rel}","templated":true}]}}