{"id":212762,"date":"2025-03-25T02:25:06","date_gmt":"2025-03-25T02:25:06","guid":{"rendered":"https:\/\/rnoticias.com.mx\/Portal\/?p=212762"},"modified":"2025-03-25T02:25:06","modified_gmt":"2025-03-25T02:25:06","slug":"celebra-gobernador-durazo-exitosa-inauguracion-de-la-sauceda-con-saldo-blanco","status":"publish","type":"post","link":"https:\/\/rnoticias.com.mx\/Portal\/2025\/03\/25\/celebra-gobernador-durazo-exitosa-inauguracion-de-la-sauceda-con-saldo-blanco\/","title":{"rendered":"Celebra Gobernador Durazo exitosa inauguraci\u00f3n de La Sauceda con saldo blanco"},"content":{"rendered":"<p align=\"left\">Hermosillo, Sonora; 24 de marzo de 2025.- Con saldo blanco y una afluencia de 18 mil 753 personas, el gobernador Alfonso Durazo Monta\u00f1o inaugur\u00f3 con \u00e9xito en un ambiente de fiesta la primera etapa de reapertura del Bosque Urbano La Sauceda, en compa\u00f1\u00eda de miles de familias hermosillenses que acudieron al parque como una opci\u00f3n m\u00e1s de sano esparcimiento.<\/p>\n<p align=\"left\">\n<p align=\"left\">Previo al acto inaugural de La Sauceda, y para estrenar la remodelaci\u00f3n de las instalaciones del Foro al Aire Libre, se cont\u00f3 con un programa musical de lujo y el cantante Car\u00edn Le\u00f3n como invitado especial, junto a otros artistas que deleitaron a los presentes.<\/p>\n<p align=\"left\">\n<p align=\"left\">El mandatario estatal subray\u00f3 que el Gobierno de Sonora continuar\u00e1 trabajando en una segunda etapa en el Bosque Urbano La Sauceda, para que este espacio siga creciendo y llenando de vida a la ciudad.<\/p>\n<p align=\"left\">\n<p align=\"left\">Para garantizar la seguridad y el \u00e9xito del evento, se mantuvo la coordinaci\u00f3n entre diversas instituciones p\u00fablicas, elementos de la Polic\u00eda Estatal de Seguridad P\u00fablica, Polic\u00eda Municipal, Bomberos y Protecci\u00f3n Civil Estatal.<\/p>\n","protected":false},"excerpt":{"rendered":"<p>Hermosillo, Sonora; 24 de marzo de 2025.- Con saldo blanco y una afluencia de 18 mil 753 personas, el gobernador Alfonso Durazo Monta\u00f1o inaugur\u00f3 con \u00e9xito en un ambiente de fiesta la primera etapa de reapertura del Bosque Urbano La Sauceda, en compa\u00f1\u00eda de miles de familias hermosillenses que acudieron al parque como una opci\u00f3n [&hellip;]<\/p>\n","protected":false},"author":2,"featured_media":212763,"comment_status":"closed","ping_status":"closed","sticky":false,"template":"","format":"standard","meta":{"footnotes":""},"categories":[12870,178],"tags":[12865,12869],"class_list":["post-212762","post","type-post","status-publish","format-standard","has-post-thumbnail","hentry","category-destacadas","category-local","tag-destacadas","tag-local"],"jetpack_featured_media_url":"https:\/\/rnoticias.com.mx\/Portal\/wp-content\/uploads\/2025\/03\/unnamed-2-19.jpg","amp_enabled":true,"_links":{"self":[{"href":"https:\/\/rnoticias.com.mx\/Portal\/wp-json\/wp\/v2\/posts\/212762","targetHints":{"allow":["GET"]}}],"collection":[{"href":"https:\/\/rnoticias.com.mx\/Portal\/wp-json\/wp\/v2\/posts"}],"about":[{"href":"https:\/\/rnoticias.com.mx\/Portal\/wp-json\/wp\/v2\/types\/post"}],"author":[{"embeddable":true,"href":"https:\/\/rnoticias.com.mx\/Portal\/wp-json\/wp\/v2\/users\/2"}],"replies":[{"embeddable":true,"href":"https:\/\/rnoticias.com.mx\/Portal\/wp-json\/wp\/v2\/comments?post=212762"}],"version-history":[{"count":1,"href":"https:\/\/rnoticias.com.mx\/Portal\/wp-json\/wp\/v2\/posts\/212762\/revisions"}],"predecessor-version":[{"id":212764,"href":"https:\/\/rnoticias.com.mx\/Portal\/wp-json\/wp\/v2\/posts\/212762\/revisions\/212764"}],"wp:featuredmedia":[{"embeddable":true,"href":"https:\/\/rnoticias.com.mx\/Portal\/wp-json\/wp\/v2\/media\/212763"}],"wp:attachment":[{"href":"https:\/\/rnoticias.com.mx\/Portal\/wp-json\/wp\/v2\/media?parent=212762"}],"wp:term":[{"taxonomy":"category","embeddable":true,"href":"https:\/\/rnoticias.com.mx\/Portal\/wp-json\/wp\/v2\/categories?post=212762"},{"taxonomy":"post_tag","embeddable":true,"href":"https:\/\/rnoticias.com.mx\/Portal\/wp-json\/wp\/v2\/tags?post=212762"}],"curies":[{"name":"wp","href":"https:\/\/api.w.org\/{rel}","templated":true}]}}