{"id":212743,"date":"2025-03-24T23:52:44","date_gmt":"2025-03-24T23:52:44","guid":{"rendered":"https:\/\/rnoticias.com.mx\/Portal\/?p=212743"},"modified":"2025-03-24T23:52:44","modified_gmt":"2025-03-24T23:52:44","slug":"sonora-tiene-que-seguir-manteniendo-la-sanidad-de-su-ganado-y-su-estatus-de-calidad-sader","status":"publish","type":"post","link":"https:\/\/rnoticias.com.mx\/Portal\/2025\/03\/24\/sonora-tiene-que-seguir-manteniendo-la-sanidad-de-su-ganado-y-su-estatus-de-calidad-sader\/","title":{"rendered":"Sonora tiene que seguir manteniendo la sanidad de su ganado y su estatus de calidad: SADER"},"content":{"rendered":"<p>Reitera el titular de la Secretar\u00eda de Agricultura y Desarrollo Rural en Sonora (SADER), sobre la importancia que la entidad mantenga su nivel de excelente calidad en la sanidad de su ganado a fin de continuar exportando con los mejores est\u00e1ndares hacia los Estados Unidos principalmente.<\/p>\n<p>&nbsp;<\/p>\n<p>Juan Gonz\u00e1lez Alvarado, delegado en Sonora de SADER, manifest\u00f3 que despu\u00e9s de haber vivido hace semanas en la entidad una pausa en la exportaci\u00f3n de ganado hacia Estados Unidos y la cual ya se subsan\u00f3, se debe seguir trabajando para que el estado mantenga ese estatus en materia de calidad y salud en sus hatos ganaderos<\/p>\n<p>&nbsp;<\/p>\n<p><strong>\u00a0\u201cLes reiteramos a todos los productores que revisen a su ganado desde sus corrales, uno por uno con sus veterinarios o su equipo de trabajo y que cinco d\u00edas antes de la exportaci\u00f3n apliquen la ivermectina y que coloquen la marca de exportaci\u00f3n\u201d, dijo.<\/strong><\/p>\n<p>&nbsp;<\/p>\n<p>&nbsp;<\/p>\n<p>Puntualiz\u00f3, que el atender ese tipo de recomendaciones ayudar\u00e1 para reducir retrasos o cualquier otro inconveniente en el proceso de exportaci\u00f3n de ganado sonorense por varios puntos de la frontera con Estados Unidos.<\/p>\n<p><strong>\u00a0<\/strong><\/p>\n","protected":false},"excerpt":{"rendered":"<p>Reitera el titular de la Secretar\u00eda de Agricultura y Desarrollo Rural en Sonora (SADER), sobre la importancia que la entidad mantenga su nivel de excelente calidad en la sanidad de su ganado a fin de continuar exportando con los mejores est\u00e1ndares hacia los Estados Unidos principalmente. &nbsp; Juan Gonz\u00e1lez Alvarado, delegado en Sonora de SADER, [&hellip;]<\/p>\n","protected":false},"author":2,"featured_media":212744,"comment_status":"closed","ping_status":"closed","sticky":false,"template":"","format":"standard","meta":{"footnotes":""},"categories":[12870,174],"tags":[12865,12873],"class_list":["post-212743","post","type-post","status-publish","format-standard","has-post-thumbnail","hentry","category-destacadas","category-estatal","tag-destacadas","tag-estatal"],"jetpack_featured_media_url":"https:\/\/rnoticias.com.mx\/Portal\/wp-content\/uploads\/2025\/03\/Ganado-sonorense_Union-Ganadera-Regional-de-Sonora-8.jpg","amp_enabled":true,"_links":{"self":[{"href":"https:\/\/rnoticias.com.mx\/Portal\/wp-json\/wp\/v2\/posts\/212743","targetHints":{"allow":["GET"]}}],"collection":[{"href":"https:\/\/rnoticias.com.mx\/Portal\/wp-json\/wp\/v2\/posts"}],"about":[{"href":"https:\/\/rnoticias.com.mx\/Portal\/wp-json\/wp\/v2\/types\/post"}],"author":[{"embeddable":true,"href":"https:\/\/rnoticias.com.mx\/Portal\/wp-json\/wp\/v2\/users\/2"}],"replies":[{"embeddable":true,"href":"https:\/\/rnoticias.com.mx\/Portal\/wp-json\/wp\/v2\/comments?post=212743"}],"version-history":[{"count":1,"href":"https:\/\/rnoticias.com.mx\/Portal\/wp-json\/wp\/v2\/posts\/212743\/revisions"}],"predecessor-version":[{"id":212745,"href":"https:\/\/rnoticias.com.mx\/Portal\/wp-json\/wp\/v2\/posts\/212743\/revisions\/212745"}],"wp:featuredmedia":[{"embeddable":true,"href":"https:\/\/rnoticias.com.mx\/Portal\/wp-json\/wp\/v2\/media\/212744"}],"wp:attachment":[{"href":"https:\/\/rnoticias.com.mx\/Portal\/wp-json\/wp\/v2\/media?parent=212743"}],"wp:term":[{"taxonomy":"category","embeddable":true,"href":"https:\/\/rnoticias.com.mx\/Portal\/wp-json\/wp\/v2\/categories?post=212743"},{"taxonomy":"post_tag","embeddable":true,"href":"https:\/\/rnoticias.com.mx\/Portal\/wp-json\/wp\/v2\/tags?post=212743"}],"curies":[{"name":"wp","href":"https:\/\/api.w.org\/{rel}","templated":true}]}}