{"id":212688,"date":"2025-03-24T16:55:33","date_gmt":"2025-03-24T16:55:33","guid":{"rendered":"https:\/\/rnoticias.com.mx\/Portal\/?p=212688"},"modified":"2025-03-24T16:55:33","modified_gmt":"2025-03-24T16:55:33","slug":"sentencia-condenatoria-de-46-anos-y-4-meses-de-prision-por-los-delitos-de-violacion-equiparada-y-abuso-sexual-agravado","status":"publish","type":"post","link":"https:\/\/rnoticias.com.mx\/Portal\/2025\/03\/24\/sentencia-condenatoria-de-46-anos-y-4-meses-de-prision-por-los-delitos-de-violacion-equiparada-y-abuso-sexual-agravado\/","title":{"rendered":"Sentencia condenatoria de 46 a\u00f1os y 4 meses de prisi\u00f3n por los delitos de violaci\u00f3n equiparada y abuso sexual agravado"},"content":{"rendered":"<p>Hermosillo, Sonora, 23 de marzo de 2025.- La Fiscal\u00eda General de Justicia del Estado de Sonora (FGJES) informa que, tras la celebraci\u00f3n de la audiencia de debate a Juicio Oral, se dict\u00f3 una sentencia condenatoria de 46 a\u00f1os y 4 meses de prisi\u00f3n en contra de Jes\u00fas Alonso \u201cN\u201d, se\u00f1alado como responsable de los delitos de abuso sexual agravado en n\u00famero de dos y violaci\u00f3n equiparada agravada en n\u00famero de tres, cometidos en perjuicio de una menor de edad, ocurridos en San Pedro El Saucito.<\/p>\n<p>El Ministerio P\u00fablico logr\u00f3 acreditar m\u00e1s all\u00e1 de la duda razonable la responsabilidad del se\u00f1alado por los hechos que se le imputan, esto mediante un caudal probatorio s\u00f3lido, integrado con pruebas obtenidas tanto por investigaci\u00f3n de campo como de gabinete.<\/p>\n<p>Durante la audiencia el Juez resolvi\u00f3 imponer una pena de 2 a\u00f1os y 2 meses de prisi\u00f3n ordinaria por cada uno de los delitos de abuso sexual agravado. Por lo que respecta al delito de violaci\u00f3n equiparada agravada, el imputado fue sentenciado a 14 a\u00f1os de prisi\u00f3n ordinaria por cada uno de los tres delitos. La pena global impuesta suma un total de 46 a\u00f1os y 4 meses de prisi\u00f3n.<\/p>\n<p>Este caso refrenda el compromiso de la Fiscal\u00eda General de Justicia del Estado de Sonora (FGJES) con la protecci\u00f3n de los derechos de las ni\u00f1as, ni\u00f1os y adolescentes, as\u00ed como su firme determinaci\u00f3n de combatir la impunidad en casos de violencia sexual. La instituci\u00f3n reitera su apoyo integral a las v\u00edctimas y sus familias, garantizando justicia y atenci\u00f3n especializada.<\/p>\n","protected":false},"excerpt":{"rendered":"<p>Hermosillo, Sonora, 23 de marzo de 2025.- La Fiscal\u00eda General de Justicia del Estado de Sonora (FGJES) informa que, tras la celebraci\u00f3n de la audiencia de debate a Juicio Oral, se dict\u00f3 una sentencia condenatoria de 46 a\u00f1os y 4 meses de prisi\u00f3n en contra de Jes\u00fas Alonso \u201cN\u201d, se\u00f1alado como responsable de los delitos [&hellip;]<\/p>\n","protected":false},"author":2,"featured_media":212689,"comment_status":"closed","ping_status":"closed","sticky":false,"template":"","format":"standard","meta":{"footnotes":""},"categories":[12870,178],"tags":[12865,12869],"class_list":["post-212688","post","type-post","status-publish","format-standard","has-post-thumbnail","hentry","category-destacadas","category-local","tag-destacadas","tag-local"],"jetpack_featured_media_url":"https:\/\/rnoticias.com.mx\/Portal\/wp-content\/uploads\/2025\/03\/2ee98e2d-fd74-4a61-8ca5-e6f4aaedd710.jpg","amp_enabled":true,"_links":{"self":[{"href":"https:\/\/rnoticias.com.mx\/Portal\/wp-json\/wp\/v2\/posts\/212688","targetHints":{"allow":["GET"]}}],"collection":[{"href":"https:\/\/rnoticias.com.mx\/Portal\/wp-json\/wp\/v2\/posts"}],"about":[{"href":"https:\/\/rnoticias.com.mx\/Portal\/wp-json\/wp\/v2\/types\/post"}],"author":[{"embeddable":true,"href":"https:\/\/rnoticias.com.mx\/Portal\/wp-json\/wp\/v2\/users\/2"}],"replies":[{"embeddable":true,"href":"https:\/\/rnoticias.com.mx\/Portal\/wp-json\/wp\/v2\/comments?post=212688"}],"version-history":[{"count":1,"href":"https:\/\/rnoticias.com.mx\/Portal\/wp-json\/wp\/v2\/posts\/212688\/revisions"}],"predecessor-version":[{"id":212690,"href":"https:\/\/rnoticias.com.mx\/Portal\/wp-json\/wp\/v2\/posts\/212688\/revisions\/212690"}],"wp:featuredmedia":[{"embeddable":true,"href":"https:\/\/rnoticias.com.mx\/Portal\/wp-json\/wp\/v2\/media\/212689"}],"wp:attachment":[{"href":"https:\/\/rnoticias.com.mx\/Portal\/wp-json\/wp\/v2\/media?parent=212688"}],"wp:term":[{"taxonomy":"category","embeddable":true,"href":"https:\/\/rnoticias.com.mx\/Portal\/wp-json\/wp\/v2\/categories?post=212688"},{"taxonomy":"post_tag","embeddable":true,"href":"https:\/\/rnoticias.com.mx\/Portal\/wp-json\/wp\/v2\/tags?post=212688"}],"curies":[{"name":"wp","href":"https:\/\/api.w.org\/{rel}","templated":true}]}}