{"id":212685,"date":"2025-03-24T15:56:59","date_gmt":"2025-03-24T15:56:59","guid":{"rendered":"https:\/\/rnoticias.com.mx\/Portal\/?p=212685"},"modified":"2025-03-24T15:56:59","modified_gmt":"2025-03-24T15:56:59","slug":"pide-arquidiocesis-publicar-videos-a-candidatos-al-poder-judicial","status":"publish","type":"post","link":"https:\/\/rnoticias.com.mx\/Portal\/2025\/03\/24\/pide-arquidiocesis-publicar-videos-a-candidatos-al-poder-judicial\/","title":{"rendered":"Pide Arquidi\u00f3cesis publicar videos a candidatos al Poder Judicial"},"content":{"rendered":"<p>CIUDAD DE M\u00c9XICO, marzo 24.- La <strong>Arquidi\u00f3cesis Primada de M\u00e9xico<\/strong>\u00a0(APM) solicit\u00f3 a los candidatos a magistrados para la Suprema Corte de Justicia de la Naci\u00f3n (SCJN), compartir sus trayectorias mediante videos de un minuto para que la ciudadan\u00eda los conozca.<\/p>\n<p class=\"has-huge-font-size\"><strong>A una semana del arranque de la campa\u00f1a para la elecci\u00f3n extraordinaria del Poder Judicial, la APM se comprometi\u00f3 a publicar los videos de todas aquellas personas que buscan el cargo de ministros de la SCJN.<\/strong><\/p>\n<p>La arquidi\u00f3cesis se\u00f1al\u00f3 que este es el momento en el que la poblaci\u00f3n necesita conocer cu\u00e1les son las funciones de los jueces, ministros y magistrados, en busca de tener m\u00e1s equidad en las elecciones.<\/p>\n<p class=\"has-large-font-size\">\u201cCon la finalidad de aportar nuestra parte como ciudadanos mexicanos, convocamos a los Candidatos a la Suprema Corte de Justicia de la Naci\u00f3n, mujeres y hombres, a que env\u00eden entre este\u00a023 de marzo y hasta el 1 de abril.<\/p>\n<p class=\"has-large-font-size\">\u201c<strong>Un video de un minuto y medio, en el que hablen a los ciudadanos sobre su Trayectoria<\/strong>, propuesta o visi\u00f3n de la justicia y de los derechos humanos, comenzando por el elemental derecho de la Vida \u201c, inform\u00f3 la APM en su semanario Desde la Fe.<\/p>\n<p>La Iglesia Cat\u00f3lica destac\u00f3 la importancia de conocer los perfiles, la carrera, las convicciones y propuestas de las personas candidatas a integrar los nueve cargos de la SCJN, del Tribunal electoral, jueces de distrito, en busca de seleccionar a las personas m\u00e1s \u00edntegras en los cargos.<\/p>\n<p class=\"has-large-font-size\"><strong>\u201cDebe estar conformado por personas \u00edntegras, sin compromisos con terceros que pongan en entredicho las sanciones<\/strong>\u00a0que en su momento emitan en contra de alg\u00fan juzgador acusado de alguna conducta il\u00edcita\u201d, destac\u00f3 la APM.<\/p>\n","protected":false},"excerpt":{"rendered":"<p>CIUDAD DE M\u00c9XICO, marzo 24.- La Arquidi\u00f3cesis Primada de M\u00e9xico\u00a0(APM) solicit\u00f3 a los candidatos a magistrados para la Suprema Corte de Justicia de la Naci\u00f3n (SCJN), compartir sus trayectorias mediante videos de un minuto para que la ciudadan\u00eda los conozca. A una semana del arranque de la campa\u00f1a para la elecci\u00f3n extraordinaria del Poder Judicial, [&hellip;]<\/p>\n","protected":false},"author":2,"featured_media":212686,"comment_status":"closed","ping_status":"closed","sticky":false,"template":"","format":"standard","meta":{"footnotes":""},"categories":[12870,172],"tags":[12865,12874],"class_list":["post-212685","post","type-post","status-publish","format-standard","has-post-thumbnail","hentry","category-destacadas","category-nacional","tag-destacadas","tag-nacional"],"jetpack_featured_media_url":"https:\/\/rnoticias.com.mx\/Portal\/wp-content\/uploads\/2025\/03\/AT7UJCAZ4FFVTLYUILQ5K5BUJM-1.jpg","amp_enabled":true,"_links":{"self":[{"href":"https:\/\/rnoticias.com.mx\/Portal\/wp-json\/wp\/v2\/posts\/212685","targetHints":{"allow":["GET"]}}],"collection":[{"href":"https:\/\/rnoticias.com.mx\/Portal\/wp-json\/wp\/v2\/posts"}],"about":[{"href":"https:\/\/rnoticias.com.mx\/Portal\/wp-json\/wp\/v2\/types\/post"}],"author":[{"embeddable":true,"href":"https:\/\/rnoticias.com.mx\/Portal\/wp-json\/wp\/v2\/users\/2"}],"replies":[{"embeddable":true,"href":"https:\/\/rnoticias.com.mx\/Portal\/wp-json\/wp\/v2\/comments?post=212685"}],"version-history":[{"count":1,"href":"https:\/\/rnoticias.com.mx\/Portal\/wp-json\/wp\/v2\/posts\/212685\/revisions"}],"predecessor-version":[{"id":212687,"href":"https:\/\/rnoticias.com.mx\/Portal\/wp-json\/wp\/v2\/posts\/212685\/revisions\/212687"}],"wp:featuredmedia":[{"embeddable":true,"href":"https:\/\/rnoticias.com.mx\/Portal\/wp-json\/wp\/v2\/media\/212686"}],"wp:attachment":[{"href":"https:\/\/rnoticias.com.mx\/Portal\/wp-json\/wp\/v2\/media?parent=212685"}],"wp:term":[{"taxonomy":"category","embeddable":true,"href":"https:\/\/rnoticias.com.mx\/Portal\/wp-json\/wp\/v2\/categories?post=212685"},{"taxonomy":"post_tag","embeddable":true,"href":"https:\/\/rnoticias.com.mx\/Portal\/wp-json\/wp\/v2\/tags?post=212685"}],"curies":[{"name":"wp","href":"https:\/\/api.w.org\/{rel}","templated":true}]}}