{"id":212681,"date":"2025-03-24T15:54:58","date_gmt":"2025-03-24T15:54:58","guid":{"rendered":"https:\/\/rnoticias.com.mx\/Portal\/?p=212681"},"modified":"2025-03-24T15:54:58","modified_gmt":"2025-03-24T15:54:58","slug":"50-anos-de-prision-para-urbano-n-por-el-delito-de-homicidio-de-dos-personas","status":"publish","type":"post","link":"https:\/\/rnoticias.com.mx\/Portal\/2025\/03\/24\/50-anos-de-prision-para-urbano-n-por-el-delito-de-homicidio-de-dos-personas\/","title":{"rendered":"50 a\u00f1os de prisi\u00f3n para Urbano \u201cN\u201d por el delito de homicidio de dos personas"},"content":{"rendered":"<p>Cajeme, Sonora, 24 de marzo de 2025.- La Fiscal\u00eda General de Justicia del Estado de Sonora (FGJES) informa que en audiencia de Juicio Oral se dict\u00f3 una sentencia condenatoria de 50 a\u00f1os de prisi\u00f3n para Urbano \u201cN\u201d, se\u00f1alado como responsable del delito de homicidio calificado con premeditaci\u00f3n, alevos\u00eda y ventaja en n\u00famero de dos, cometido en perjuicio de Francisco Ram\u00f3n \u201cN\u201d y Luis Alberto \u201cN\u201d.<\/p>\n<p>Los hechos ocurrieron el 18 de octubre de 2021, aproximadamente a las 5:50 horas, cuando el acusado lleg\u00f3 al domicilio ubicado en la calle Arcadia, entre San Marino y Venice, de la colonia Santa F\u00e9 de Ciudad Obreg\u00f3n.<\/p>\n<p>En dichas circunstancias, el sujeto ingres\u00f3 al domicilio con un arma de fuego y dispar\u00f3 al menos cinco veces contra las v\u00edctimas, privando de la vida a Francisco Ram\u00f3n \u201cN\u201d y Luis Alberto \u201cN\u201d, quienes no tuvieron oportunidad de defenderse ni evitar el ataque.<\/p>\n<p>Argumentos y pruebas fueron desahogadas ante el Juez por esta Fiscal\u00eda y ante el peso de ellas, la defensa y el acusado aceptaron la responsabilidad de los hechos por lo que el Juez otorg\u00f3 una pena global de 50 a\u00f1os de prisi\u00f3n.<\/p>\n<p>Este caso refrenda el compromiso de la FGJES con la procuraci\u00f3n de justicia y la lucha contra la impunidad en casos de homicidios dolosos. La instituci\u00f3n reitera su firme determinaci\u00f3n de proteger la vida de las personas y dar penas ejemplares a quienes atenten contra ella.<\/p>\n","protected":false},"excerpt":{"rendered":"<p>Cajeme, Sonora, 24 de marzo de 2025.- La Fiscal\u00eda General de Justicia del Estado de Sonora (FGJES) informa que en audiencia de Juicio Oral se dict\u00f3 una sentencia condenatoria de 50 a\u00f1os de prisi\u00f3n para Urbano \u201cN\u201d, se\u00f1alado como responsable del delito de homicidio calificado con premeditaci\u00f3n, alevos\u00eda y ventaja en n\u00famero de dos, cometido [&hellip;]<\/p>\n","protected":false},"author":2,"featured_media":212682,"comment_status":"closed","ping_status":"closed","sticky":false,"template":"","format":"standard","meta":{"footnotes":""},"categories":[12870,174],"tags":[12865,12873],"class_list":["post-212681","post","type-post","status-publish","format-standard","has-post-thumbnail","hentry","category-destacadas","category-estatal","tag-destacadas","tag-estatal"],"jetpack_featured_media_url":"https:\/\/rnoticias.com.mx\/Portal\/wp-content\/uploads\/2025\/03\/5e1e7784-f394-429b-a72d-a3b4ec320534.jpg","amp_enabled":true,"_links":{"self":[{"href":"https:\/\/rnoticias.com.mx\/Portal\/wp-json\/wp\/v2\/posts\/212681","targetHints":{"allow":["GET"]}}],"collection":[{"href":"https:\/\/rnoticias.com.mx\/Portal\/wp-json\/wp\/v2\/posts"}],"about":[{"href":"https:\/\/rnoticias.com.mx\/Portal\/wp-json\/wp\/v2\/types\/post"}],"author":[{"embeddable":true,"href":"https:\/\/rnoticias.com.mx\/Portal\/wp-json\/wp\/v2\/users\/2"}],"replies":[{"embeddable":true,"href":"https:\/\/rnoticias.com.mx\/Portal\/wp-json\/wp\/v2\/comments?post=212681"}],"version-history":[{"count":1,"href":"https:\/\/rnoticias.com.mx\/Portal\/wp-json\/wp\/v2\/posts\/212681\/revisions"}],"predecessor-version":[{"id":212683,"href":"https:\/\/rnoticias.com.mx\/Portal\/wp-json\/wp\/v2\/posts\/212681\/revisions\/212683"}],"wp:featuredmedia":[{"embeddable":true,"href":"https:\/\/rnoticias.com.mx\/Portal\/wp-json\/wp\/v2\/media\/212682"}],"wp:attachment":[{"href":"https:\/\/rnoticias.com.mx\/Portal\/wp-json\/wp\/v2\/media?parent=212681"}],"wp:term":[{"taxonomy":"category","embeddable":true,"href":"https:\/\/rnoticias.com.mx\/Portal\/wp-json\/wp\/v2\/categories?post=212681"},{"taxonomy":"post_tag","embeddable":true,"href":"https:\/\/rnoticias.com.mx\/Portal\/wp-json\/wp\/v2\/tags?post=212681"}],"curies":[{"name":"wp","href":"https:\/\/api.w.org\/{rel}","templated":true}]}}