{"id":212678,"date":"2025-03-24T15:54:21","date_gmt":"2025-03-24T15:54:21","guid":{"rendered":"https:\/\/rnoticias.com.mx\/Portal\/?p=212678"},"modified":"2025-03-24T15:54:21","modified_gmt":"2025-03-24T15:54:21","slug":"lonas-de-campana-encuentran-nuevo-proposito-cuauhtemoc-gonzalez-las-dona-a-quienes-mas-las-necesitan","status":"publish","type":"post","link":"https:\/\/rnoticias.com.mx\/Portal\/2025\/03\/24\/lonas-de-campana-encuentran-nuevo-proposito-cuauhtemoc-gonzalez-las-dona-a-quienes-mas-las-necesitan\/","title":{"rendered":"Lonas de campa\u00f1a encuentran nuevo prop\u00f3sito: Cuauht\u00e9moc Gonz\u00e1lez las dona a quienes m\u00e1s las necesitan"},"content":{"rendered":"<p>Hermosillo, Sonora. 24 de marzo de 2025. En un gesto de responsabilidad y compromiso social, el equipo de campa\u00f1a de Cuauht\u00e9moc Gonz\u00e1lez, candidato a la rector\u00eda de la Universidad de Sonora, retir\u00f3 y don\u00f3 las lonas utilizadas durante su proceso proselitista a sectores que previamente solicitaron apoyo.<\/p>\n<p>El material fue entregado al Departamento de Agricultura y Ganader\u00eda (DAG) de la Unison, donde se utilizar\u00e1 en actividades acad\u00e9micas, y a familias de la invasi\u00f3n Guayac\u00e1n, quienes enfrentan dificultades en la infraestructura de sus viviendas.<\/p>\n<p>Vanessa, una de las beneficiarias, expres\u00f3 su agradecimiento y se\u00f1al\u00f3 que, adem\u00e1s de la precariedad de las viviendas, su comunidad tambi\u00e9n enfrenta problemas en el suministro de agua, lo que subraya la urgencia de m\u00e1s apoyos en la zona.<\/p>\n<p>Con esta acci\u00f3n, las lonas de campa\u00f1a encuentran un nuevo prop\u00f3sito, contribuyendo tanto a la educaci\u00f3n universitaria como a mejorar las condiciones de vida de familias en situaci\u00f3n vulnerable.<\/p>\n","protected":false},"excerpt":{"rendered":"<p>Hermosillo, Sonora. 24 de marzo de 2025. En un gesto de responsabilidad y compromiso social, el equipo de campa\u00f1a de Cuauht\u00e9moc Gonz\u00e1lez, candidato a la rector\u00eda de la Universidad de Sonora, retir\u00f3 y don\u00f3 las lonas utilizadas durante su proceso proselitista a sectores que previamente solicitaron apoyo. El material fue entregado al Departamento de Agricultura [&hellip;]<\/p>\n","protected":false},"author":2,"featured_media":0,"comment_status":"closed","ping_status":"closed","sticky":false,"template":"","format":"standard","meta":{"footnotes":""},"categories":[12870,178],"tags":[12865,12869],"class_list":["post-212678","post","type-post","status-publish","format-standard","hentry","category-destacadas","category-local","tag-destacadas","tag-local"],"jetpack_featured_media_url":"","amp_enabled":true,"_links":{"self":[{"href":"https:\/\/rnoticias.com.mx\/Portal\/wp-json\/wp\/v2\/posts\/212678","targetHints":{"allow":["GET"]}}],"collection":[{"href":"https:\/\/rnoticias.com.mx\/Portal\/wp-json\/wp\/v2\/posts"}],"about":[{"href":"https:\/\/rnoticias.com.mx\/Portal\/wp-json\/wp\/v2\/types\/post"}],"author":[{"embeddable":true,"href":"https:\/\/rnoticias.com.mx\/Portal\/wp-json\/wp\/v2\/users\/2"}],"replies":[{"embeddable":true,"href":"https:\/\/rnoticias.com.mx\/Portal\/wp-json\/wp\/v2\/comments?post=212678"}],"version-history":[{"count":1,"href":"https:\/\/rnoticias.com.mx\/Portal\/wp-json\/wp\/v2\/posts\/212678\/revisions"}],"predecessor-version":[{"id":212680,"href":"https:\/\/rnoticias.com.mx\/Portal\/wp-json\/wp\/v2\/posts\/212678\/revisions\/212680"}],"wp:attachment":[{"href":"https:\/\/rnoticias.com.mx\/Portal\/wp-json\/wp\/v2\/media?parent=212678"}],"wp:term":[{"taxonomy":"category","embeddable":true,"href":"https:\/\/rnoticias.com.mx\/Portal\/wp-json\/wp\/v2\/categories?post=212678"},{"taxonomy":"post_tag","embeddable":true,"href":"https:\/\/rnoticias.com.mx\/Portal\/wp-json\/wp\/v2\/tags?post=212678"}],"curies":[{"name":"wp","href":"https:\/\/api.w.org\/{rel}","templated":true}]}}