{"id":212675,"date":"2025-03-24T15:36:03","date_gmt":"2025-03-24T15:36:03","guid":{"rendered":"https:\/\/rnoticias.com.mx\/Portal\/?p=212675"},"modified":"2025-03-24T15:36:03","modified_gmt":"2025-03-24T15:36:03","slug":"inpi-solicita-mejorar-acceso-a-la-salud-para-guarijios","status":"publish","type":"post","link":"https:\/\/rnoticias.com.mx\/Portal\/2025\/03\/24\/inpi-solicita-mejorar-acceso-a-la-salud-para-guarijios\/","title":{"rendered":"INPI solicita mejorar acceso a la salud para guarij\u00edos"},"content":{"rendered":"<p class=\"ei-articleBody__StyledText-sc-1wmd47a-1 gXgyFY body-paragraph ei-article-body-text\">NAVOJOA, Sonora.-<b>\u00a0A evitar m\u00e1s casos de \u201ccamillas improvisadas\u201d, exhort\u00f3\u00a0<\/b>Fredi Gutierrez Valenzuela, dirigente sindical del Instituto Nacional de los Pueblos Ind\u00edgenas<b>\u00a0(INPI)\u00a0<\/b>de la coordinaci\u00f3n Regional de San Bernardo, luego de que\u00a0<a title=\"https:\/\/www.elimparcial.com\/son\/sonora\/2025\/03\/20\/jovenes-salvan-a-anciana-en-la-sierra-de-alamos\/\" href=\"https:\/\/www.elimparcial.com\/son\/sonora\/2025\/03\/20\/jovenes-salvan-a-anciana-en-la-sierra-de-alamos\/\" target=\"_self\" rel=\"\">dos j\u00f3venes guarij\u00edos caminaron unas nueve horas cargando a una adulta mayor que requer\u00eda atenci\u00f3n m\u00e9dica.<\/a><\/p>\n<p class=\"ei-articleBody__StyledText-sc-1wmd47a-1 gXgyFY body-paragraph ei-article-body-text\">Aunque\u00a0<b>reconoci\u00f3 que el poblado de Bav\u00edcora no tiene acceso para veh\u00edculos terrestres<\/b>\u00a0es importante mejorar las condiciones de los habitantes de dicha rancher\u00eda y evitar traslados de personas enfermas improvisando camillas y durante largos trayectos a pie.<\/p>\n<div>\n<div class=\"truvidPos\">\n<div><\/div>\n<\/div>\n<\/div>\n<blockquote class=\"ei-articleBodyBlockquote__BlockquoteContainer-sc-1cfj0bi-0 cDwQIc ei-blockquote-ctn\" cite=\"https:\/\/www.elimparcial.com\/son\/sonora\/2025\/03\/22\/inpi-solicita-mejorar-acceso-a-la-salud-para-guarijios\/\">\n<p class=\"secondary-font__SecondaryFontStyles-sc-xwub3d-0 jGKTtR\">Sin duda, ha faltado atenci\u00f3n y coordinaci\u00f3n entre los funcionarios de los tres niveles de Gobierno y las autoridades tradicionales de la tribu, para gestionar un helic\u00f3ptero y evitar as\u00ed hechos como los mencionados\u201d, apunt\u00f3.<\/p>\n<\/blockquote>\n<p class=\"ei-articleBody__StyledText-sc-1wmd47a-1 gXgyFY body-paragraph ei-article-body-text\">Acciones como la que sucedi\u00f3 el pasado domingo donde dos j\u00f3venes improvisaron con palos una camilla para trasladar a una anciana de 82 a\u00f1os que requer\u00eda atenci\u00f3n m\u00e9dica,\u00a0<b>desde Bav\u00edcora hasta Mesa Colorada<\/b>\u00a0y de esta \u00faltima en veh\u00edculo hasta un hospital de Navojoa es algo que sucede algunas veces.<\/p>\n<p class=\"ei-articleBody__StyledText-sc-1wmd47a-1 gXgyFY body-paragraph ei-article-body-text\">\u201cA trav\u00e9s de nuestro cargo, tenemos conocimiento de este tipo de situaciones; lo que pas\u00f3 hace d\u00edas no es nuevo, ha pasado muchas veces, por lo que las autoridades deben estar m\u00e1s pendientes\u201d, enfatiz\u00f3.<\/p>\n<div>\n<div id=\"teadsPos\"><\/div>\n<\/div>\n<p class=\"ei-articleBody__StyledText-sc-1wmd47a-1 gXgyFY body-paragraph ei-article-body-text\"><b>En el\u00a0<\/b><a title=\"https:\/\/elimparcial-elimparcial-prod.web.arc-cdn.net\/son\/sonora\/2024\/11\/15\/esperan-guarijios-que-haya-seguimiento-a-su-plan-de-justicia-en-el-gobierno-de-sheinbaum\/\" href=\"https:\/\/elimparcial-elimparcial-prod.web.arc-cdn.net\/son\/sonora\/2024\/11\/15\/esperan-guarijios-que-haya-seguimiento-a-su-plan-de-justicia-en-el-gobierno-de-sheinbaum\/\" target=\"_self\" rel=\"\"><b>Plan de Justicia Guarij\u00edo<\/b><\/a><b>\u00a0se debe contemplar el apoyo a los sectores m\u00e1s vulnerables<\/b>, adem\u00e1s de contemplarse una\u00a0<b>atenci\u00f3n m\u00e1s eficiente al rengl\u00f3n de la salud<\/b>, no solamente en traslados emergentes, sino en doctores y medicamentos.<\/p>\n<p class=\"ei-articleBody__StyledText-sc-1wmd47a-1 gXgyFY body-paragraph ei-article-body-text\">Dijo que existen protocolos para traslados en helic\u00f3ptero por parte del Gobierno, pero estos deben ser m\u00e1s accesibles para el bien de las comunidades m\u00e1s alejadas.<\/p>\n<p>&nbsp;<\/p>\n<p>El Imparcial<\/p>\n","protected":false},"excerpt":{"rendered":"<p>NAVOJOA, Sonora.-\u00a0A evitar m\u00e1s casos de \u201ccamillas improvisadas\u201d, exhort\u00f3\u00a0Fredi Gutierrez Valenzuela, dirigente sindical del Instituto Nacional de los Pueblos Ind\u00edgenas\u00a0(INPI)\u00a0de la coordinaci\u00f3n Regional de San Bernardo, luego de que\u00a0dos j\u00f3venes guarij\u00edos caminaron unas nueve horas cargando a una adulta mayor que requer\u00eda atenci\u00f3n m\u00e9dica. Aunque\u00a0reconoci\u00f3 que el poblado de Bav\u00edcora no tiene acceso para veh\u00edculos [&hellip;]<\/p>\n","protected":false},"author":2,"featured_media":212676,"comment_status":"closed","ping_status":"closed","sticky":false,"template":"","format":"standard","meta":{"footnotes":""},"categories":[12870,174],"tags":[12865,12873],"class_list":["post-212675","post","type-post","status-publish","format-standard","has-post-thumbnail","hentry","category-destacadas","category-estatal","tag-destacadas","tag-estatal"],"jetpack_featured_media_url":"https:\/\/rnoticias.com.mx\/Portal\/wp-content\/uploads\/2025\/03\/pueblos1_large.jpeg","amp_enabled":true,"_links":{"self":[{"href":"https:\/\/rnoticias.com.mx\/Portal\/wp-json\/wp\/v2\/posts\/212675","targetHints":{"allow":["GET"]}}],"collection":[{"href":"https:\/\/rnoticias.com.mx\/Portal\/wp-json\/wp\/v2\/posts"}],"about":[{"href":"https:\/\/rnoticias.com.mx\/Portal\/wp-json\/wp\/v2\/types\/post"}],"author":[{"embeddable":true,"href":"https:\/\/rnoticias.com.mx\/Portal\/wp-json\/wp\/v2\/users\/2"}],"replies":[{"embeddable":true,"href":"https:\/\/rnoticias.com.mx\/Portal\/wp-json\/wp\/v2\/comments?post=212675"}],"version-history":[{"count":1,"href":"https:\/\/rnoticias.com.mx\/Portal\/wp-json\/wp\/v2\/posts\/212675\/revisions"}],"predecessor-version":[{"id":212677,"href":"https:\/\/rnoticias.com.mx\/Portal\/wp-json\/wp\/v2\/posts\/212675\/revisions\/212677"}],"wp:featuredmedia":[{"embeddable":true,"href":"https:\/\/rnoticias.com.mx\/Portal\/wp-json\/wp\/v2\/media\/212676"}],"wp:attachment":[{"href":"https:\/\/rnoticias.com.mx\/Portal\/wp-json\/wp\/v2\/media?parent=212675"}],"wp:term":[{"taxonomy":"category","embeddable":true,"href":"https:\/\/rnoticias.com.mx\/Portal\/wp-json\/wp\/v2\/categories?post=212675"},{"taxonomy":"post_tag","embeddable":true,"href":"https:\/\/rnoticias.com.mx\/Portal\/wp-json\/wp\/v2\/tags?post=212675"}],"curies":[{"name":"wp","href":"https:\/\/api.w.org\/{rel}","templated":true}]}}