{"id":212666,"date":"2025-03-24T15:28:59","date_gmt":"2025-03-24T15:28:59","guid":{"rendered":"https:\/\/rnoticias.com.mx\/Portal\/?p=212666"},"modified":"2025-03-24T15:28:59","modified_gmt":"2025-03-24T15:28:59","slug":"canada-convoca-elecciones-anticipadas-esta-es-la-fecha","status":"publish","type":"post","link":"https:\/\/rnoticias.com.mx\/Portal\/2025\/03\/24\/canada-convoca-elecciones-anticipadas-esta-es-la-fecha\/","title":{"rendered":"Canad\u00e1 convoca elecciones anticipadas; esta es la fecha"},"content":{"rendered":"<p>El primer ministro de\u00a0<a href=\"https:\/\/www.informador.mx\/canada-t786\" target=\"_blank\" rel=\"noopener\"><strong>Canad\u00e1<\/strong><\/a>, Mark Carney, solicit\u00f3 este domingo 23 de marzo a la gobernadora general del pa\u00eds y que ejerce las funciones de jefa de Estado, Mary Simon, la disoluci\u00f3n del Parlamento y la celebraci\u00f3n de elecciones anticipadas\u00a0<strong>con fecha del 28 de abril<\/strong>.<\/p>\n<p><strong>Mark Carney, que se convirti\u00f3 en primer ministro el pasado 14 de marzo tras la dimisi\u00f3n de\u00a0Justin\u00a0Trudeau,<\/strong>\u00a0ha decidido anticipar seis meses las elecciones en un momento en el que las \u00faltimas encuestas se\u00f1alan que el gobernante Partido Liberal (PL) puede ganar por cuarta vez consecutiva desde 2015 y alcanzar la mayor\u00eda de la C\u00e1mara Baja del Parlamento.<\/p>\n<p>El an\u00e1lisis de las encuestas de la radiotelevisi\u00f3n p\u00fablica canadiense, CBC, coloca al Partido Liberal de Carney con una intenci\u00f3n de voto del 37.5%, lo que podr\u00eda suponer 174 de los 338 esca\u00f1os de la C\u00e1mara de los Comunes, dos m\u00e1s de la mayor\u00eda.<\/p>\n<p>Por su parte, el Partido Conservador (PC), liderado por Pierre Poilievre, conseguir\u00eda un 37.1% de los votos y 134 diputados. Por detr\u00e1s se situar\u00edan el soberanista Bloque Quebequ\u00e9s (BQ), con 26 esca\u00f1os, el socialdem\u00f3crata Nuevo Partido Democr\u00e1tico (NPD) con 7 y el Partido Verde con 2.<\/p>\n<p>La campa\u00f1a electoral estar\u00e1 marcada por las amenazas del presidente estadounidense,\u00a0<a href=\"https:\/\/www.informador.mx\/donald-trump-t8094\" target=\"_blank\" rel=\"noopener\"><strong>Donald\u00a0<\/strong><\/a><strong>Trump<\/strong>, contra Canad\u00e1.<\/p>\n<p>Desde que lleg\u00f3 a la Casa Blanca el 20 de enero, Trump ha impuesto aranceles a parte de las importaciones canadienses y ha se\u00f1alado que est\u00e1\u00a0<strong>dispuesto a utilizar &#8220;la fuerza econ\u00f3mica&#8221; de Estados Unidos para anexionar Canad\u00e1 y convertirla en el estado 51 del pa\u00eds.<\/strong><\/p>\n<p>Los sondeos revelan que las amenazas de Trump se han convertido en la principal preocupaci\u00f3n del electorado canadiense, por delante de los temas econ\u00f3micos que durante 2024 minaron el apoyo a los liberales y finalmente forzaron la dimisi\u00f3n de Trudeau.<\/p>\n<p>Tras reunirse con Simon y anunciar las elecciones anticipadas, Carney se refiri\u00f3 a las amenazas que Trump ha lanzado contra Canad\u00e1 desde que lleg\u00f3 al poder el pasado 20 de enero.<\/p>\n<p><strong>&#8220;Estamos encarando la crisis m\u00e1s significante de nuestra vida por las injustificadas acciones comerciales del presidente Trump y sus amenazas a nuestra soberan\u00eda&#8221;,<\/strong>\u00a0declar\u00f3 ante los medios de comunicaci\u00f3n.<\/p>\n<p>&#8220;El presidente Trump proclama que\u00a0<strong>Canad\u00e1 no es un pa\u00eds real<\/strong>. Quiere rompernos para que\u00a0Estados Unidos\u00a0pueda ser due\u00f1o.\u00a0<strong>No vamos a dejar que eso pase. Hemos superado el choque de la traici\u00f3n, pero\u00a0nunca deber\u00edamos olvidar las lecciones. Tenemos que cuidarnos los unos a los otros&#8221;,<\/strong>\u00a0a\u00f1adi\u00f3 Carney.<\/p>\n<p>El l\u00edder liberal concluy\u00f3 se\u00f1alando que para enfrentarse a las amenazas de Trump solicita al electorado canadiense &#8220;un fuerte mandato&#8221;.<\/p>\n","protected":false},"excerpt":{"rendered":"<p>El primer ministro de\u00a0Canad\u00e1, Mark Carney, solicit\u00f3 este domingo 23 de marzo a la gobernadora general del pa\u00eds y que ejerce las funciones de jefa de Estado, Mary Simon, la disoluci\u00f3n del Parlamento y la celebraci\u00f3n de elecciones anticipadas\u00a0con fecha del 28 de abril. Mark Carney, que se convirti\u00f3 en primer ministro el pasado 14 [&hellip;]<\/p>\n","protected":false},"author":2,"featured_media":212667,"comment_status":"closed","ping_status":"closed","sticky":false,"template":"","format":"standard","meta":{"footnotes":""},"categories":[12870,182],"tags":[12865,12871],"class_list":["post-212666","post","type-post","status-publish","format-standard","has-post-thumbnail","hentry","category-destacadas","category-internacional","tag-destacadas","tag-internacional"],"jetpack_featured_media_url":"https:\/\/rnoticias.com.mx\/Portal\/wp-content\/uploads\/2025\/03\/w1280-p16x9-2025-03-23T183811Z_772708578_RC26JDA8S66X_RTRMADP_3_CANADA-POLITICS.jpg","amp_enabled":true,"_links":{"self":[{"href":"https:\/\/rnoticias.com.mx\/Portal\/wp-json\/wp\/v2\/posts\/212666","targetHints":{"allow":["GET"]}}],"collection":[{"href":"https:\/\/rnoticias.com.mx\/Portal\/wp-json\/wp\/v2\/posts"}],"about":[{"href":"https:\/\/rnoticias.com.mx\/Portal\/wp-json\/wp\/v2\/types\/post"}],"author":[{"embeddable":true,"href":"https:\/\/rnoticias.com.mx\/Portal\/wp-json\/wp\/v2\/users\/2"}],"replies":[{"embeddable":true,"href":"https:\/\/rnoticias.com.mx\/Portal\/wp-json\/wp\/v2\/comments?post=212666"}],"version-history":[{"count":1,"href":"https:\/\/rnoticias.com.mx\/Portal\/wp-json\/wp\/v2\/posts\/212666\/revisions"}],"predecessor-version":[{"id":212668,"href":"https:\/\/rnoticias.com.mx\/Portal\/wp-json\/wp\/v2\/posts\/212666\/revisions\/212668"}],"wp:featuredmedia":[{"embeddable":true,"href":"https:\/\/rnoticias.com.mx\/Portal\/wp-json\/wp\/v2\/media\/212667"}],"wp:attachment":[{"href":"https:\/\/rnoticias.com.mx\/Portal\/wp-json\/wp\/v2\/media?parent=212666"}],"wp:term":[{"taxonomy":"category","embeddable":true,"href":"https:\/\/rnoticias.com.mx\/Portal\/wp-json\/wp\/v2\/categories?post=212666"},{"taxonomy":"post_tag","embeddable":true,"href":"https:\/\/rnoticias.com.mx\/Portal\/wp-json\/wp\/v2\/tags?post=212666"}],"curies":[{"name":"wp","href":"https:\/\/api.w.org\/{rel}","templated":true}]}}