{"id":212652,"date":"2025-03-24T04:37:26","date_gmt":"2025-03-24T04:37:26","guid":{"rendered":"https:\/\/rnoticias.com.mx\/Portal\/?p=212652"},"modified":"2025-03-24T04:37:26","modified_gmt":"2025-03-24T04:37:26","slug":"alfonso-durazo-rescata-bosque-urbano-la-sauceda-y-cumple-a-hermosillenses","status":"publish","type":"post","link":"https:\/\/rnoticias.com.mx\/Portal\/2025\/03\/24\/alfonso-durazo-rescata-bosque-urbano-la-sauceda-y-cumple-a-hermosillenses\/","title":{"rendered":"Alfonso Durazo rescata Bosque Urbano La Sauceda y cumple a hermosillenses"},"content":{"rendered":"<p>La vida regres\u00f3 a los espacios del parque emblem\u00e1tico que guarda las ra\u00edces de los hermosillenses; tras m\u00e1s de una d\u00e9cada de abandono, el gobernador Alfonso Durazo Monta\u00f1o rescat\u00f3 y relanz\u00f3 el Bosque Urbano La Sauceda, brind\u00e1ndoles a las familias un lugar de recreaci\u00f3n, sano esparcimiento gratuito y tradici\u00f3n al servicio de toda la ciudadan\u00eda.<\/p>\n<p>En un ambiente de celebraci\u00f3n con el artista sonorense Car\u00edn Le\u00f3n como invitado especial, y m\u00e1s cantantes de lujo, el mandatario estatal dio la bienvenida a los asistentes que formaron parte de esta fecha hist\u00f3rica en la que La Sauceda finalmente reabri\u00f3 sus puertas para regresar a la comunidad de Hermosillo parte importante de su esencia y su cultura.<\/p>\n<p>\u201cEstoy muy contento de haber llegado a este d\u00eda que no exagero si lo califico que es hist\u00f3rico porque hoy recuperamos La Sauceda y la recuperamos gracias a la lucha de mucho de ustedes, muchas voces que por a\u00f1os exigieron su recuperaci\u00f3n, exigieron que se recuperara este lugar emblem\u00e1tico no solo de la capital si no de todo el estado de Sonora\u201d, subray\u00f3.<\/p>\n<p>Con una inversi\u00f3n superior a los 200 millones de pesos, el gobernador Durazo, indic\u00f3 que se rehabilitaron 40 hect\u00e1reas, donde se ubican \u00e1reas recreativas, zonas arboladas, el foro al aire libre, as\u00ed como juegos infantiles. La primera etapa de remodelaci\u00f3n incluy\u00f3 el jard\u00edn bot\u00e1nico, el humedal, \u00e1rea de palapas, mega juego, kiosko central, andador principal, cajas de bateo, mini golf, go karts, \u00e1rea de juegos infantiles, foro al aire libre, zona de food trucks, kioskos y estacionamiento.<\/p>\n<p>En una espectacular jornada de m\u00fasica y diversi\u00f3n a la que asistieron miles de familias, Car\u00edn Le\u00f3n expres\u00f3 su emoci\u00f3n y agradecimiento al gobernador Durazo por recobrar vida a este espacio inolvidable para los hermosillenses.<\/p>\n<h2>\u201cUn parque que nos hac\u00eda tanta falta a todos&#8221;: Alfonso Durazo<\/h2>\n<p>\u201cUn parque que nos hac\u00eda tanta falta a todos nosotros y sobre todo a los que tuvimos la oportunidad de recorrer sus senderos y andar por aqu\u00ed con las tardeadas, andar por ac\u00e1 que tanto les presum\u00eda a mis hijos y que no ten\u00eda la oportunidad de mostr\u00e1rselo y bendito Dios hoy tengo la oportunidad de mostrarles este gran parque, y decirles porque me siento tan orgulloso de decir que soy de aqu\u00ed de Hermosillo\u201d, manifest\u00f3.<\/p>\n<p>En el Foro al Aire Libre La Sauceda tuvieron una participaci\u00f3n especial los int\u00e9rpretes hermosillenses Car\u00edn Le\u00f3n y Kakalo, quienes recientemente fueron galardonados en el Festival Internacional de la Canci\u00f3n de Vi\u00f1a del Mar, adem\u00e1s de las presentaciones de Natalia Aguilar, D\u00e1maris B\u00f3jor, Pata de Palo, Buena Vibra Social Sound, Isaac Montijo y Los Buayums, Somos Escena, L\u00b4Ormiga T\u00edteres, Multicultural Sonora, La Comparsa, entre otros.<\/p>\n<p>La rehabilitaci\u00f3n de La Sauceda continuar\u00e1 en su segunda etapa a partir del lunes 24, por lo que se recibir\u00e1 a visitantes de viernes a domingo, ya que entre semana seguir\u00e1n los trabajos de remodelaci\u00f3n con maquinaria operando en las distintas \u00e1reas.<\/p>\n<p>El gobernador Alfonso Durazo destac\u00f3 que despu\u00e9s de a\u00f1os de espera, con compromiso, trabajo y dedicaci\u00f3n se hizo realidad el rescate del parque para convertirlo en un bosque urbano, como una opci\u00f3n de esparcimiento gratuito para disfrute de las y los sonorenses.<\/p>\n","protected":false},"excerpt":{"rendered":"<p>La vida regres\u00f3 a los espacios del parque emblem\u00e1tico que guarda las ra\u00edces de los hermosillenses; tras m\u00e1s de una d\u00e9cada de abandono, el gobernador Alfonso Durazo Monta\u00f1o rescat\u00f3 y relanz\u00f3 el Bosque Urbano La Sauceda, brind\u00e1ndoles a las familias un lugar de recreaci\u00f3n, sano esparcimiento gratuito y tradici\u00f3n al servicio de toda la ciudadan\u00eda. [&hellip;]<\/p>\n","protected":false},"author":2,"featured_media":212653,"comment_status":"closed","ping_status":"closed","sticky":false,"template":"","format":"standard","meta":{"footnotes":""},"categories":[12870,178],"tags":[12865,12869],"class_list":["post-212652","post","type-post","status-publish","format-standard","has-post-thumbnail","hentry","category-destacadas","category-local","tag-destacadas","tag-local"],"jetpack_featured_media_url":"https:\/\/rnoticias.com.mx\/Portal\/wp-content\/uploads\/2025\/03\/GOBER-SAUCEDA-1-2-990x456-1.jpg","amp_enabled":true,"_links":{"self":[{"href":"https:\/\/rnoticias.com.mx\/Portal\/wp-json\/wp\/v2\/posts\/212652","targetHints":{"allow":["GET"]}}],"collection":[{"href":"https:\/\/rnoticias.com.mx\/Portal\/wp-json\/wp\/v2\/posts"}],"about":[{"href":"https:\/\/rnoticias.com.mx\/Portal\/wp-json\/wp\/v2\/types\/post"}],"author":[{"embeddable":true,"href":"https:\/\/rnoticias.com.mx\/Portal\/wp-json\/wp\/v2\/users\/2"}],"replies":[{"embeddable":true,"href":"https:\/\/rnoticias.com.mx\/Portal\/wp-json\/wp\/v2\/comments?post=212652"}],"version-history":[{"count":1,"href":"https:\/\/rnoticias.com.mx\/Portal\/wp-json\/wp\/v2\/posts\/212652\/revisions"}],"predecessor-version":[{"id":212654,"href":"https:\/\/rnoticias.com.mx\/Portal\/wp-json\/wp\/v2\/posts\/212652\/revisions\/212654"}],"wp:featuredmedia":[{"embeddable":true,"href":"https:\/\/rnoticias.com.mx\/Portal\/wp-json\/wp\/v2\/media\/212653"}],"wp:attachment":[{"href":"https:\/\/rnoticias.com.mx\/Portal\/wp-json\/wp\/v2\/media?parent=212652"}],"wp:term":[{"taxonomy":"category","embeddable":true,"href":"https:\/\/rnoticias.com.mx\/Portal\/wp-json\/wp\/v2\/categories?post=212652"},{"taxonomy":"post_tag","embeddable":true,"href":"https:\/\/rnoticias.com.mx\/Portal\/wp-json\/wp\/v2\/tags?post=212652"}],"curies":[{"name":"wp","href":"https:\/\/api.w.org\/{rel}","templated":true}]}}