{"id":212642,"date":"2025-03-23T21:16:41","date_gmt":"2025-03-23T21:16:41","guid":{"rendered":"https:\/\/rnoticias.com.mx\/Portal\/?p=212642"},"modified":"2025-03-23T21:16:41","modified_gmt":"2025-03-23T21:16:41","slug":"protege-de-oficio-a-320-personas-la-cedh-sonora","status":"publish","type":"post","link":"https:\/\/rnoticias.com.mx\/Portal\/2025\/03\/23\/protege-de-oficio-a-320-personas-la-cedh-sonora\/","title":{"rendered":"Protege de oficio a 320 personas la CEDH Sonora"},"content":{"rendered":"<p>Con su actuaci\u00f3n de oficio en 244 casos durante el a\u00f1o 2024, la Comisi\u00f3n de Derechos Humanos de Sonora logr\u00f3 proteger a 320 personas cuyos derechos fundamentales estaban siendo probablemente vulnerados.<\/p>\n<p>&nbsp;<\/p>\n<p>El presidente de la CEDH, Luis Fernando Renter\u00eda Barrag\u00e1n, destac\u00f3 que la cifra de quejas de oficio iniciadas el a\u00f1o pasado, constituyen la mayor cifra alcanzada en toda la historia de la Comisi\u00f3n, gracias a que de tres a\u00f1os a la fecha se ha enfatizado en la detecci\u00f3n proactiva de casos mediante un monitoreo diario de redes sociales y medios de comunicaci\u00f3n, o bien por observaci\u00f3n directa o a trav\u00e9s de reportes de otros organismos.<\/p>\n<p>&nbsp;<\/p>\n<p>\u201cAl iniciar la actual administraci\u00f3n nos propusimos enfatizar en la protecci\u00f3n de aquellas posibles v\u00edctimas que no estaban denunciando quiz\u00e1 por desconocimiento, por temor o tal vez por no contar con los medios para hacerlo\u201d, apunt\u00f3 el ombudsperson sonorense.<\/p>\n<p>&nbsp;<\/p>\n<p>Destac\u00f3 la importancia de que la Comisi\u00f3n act\u00fae apenas conozca de una probable violaci\u00f3n de derechos, sobre todo en los casos en que no se admite la m\u00ednima demora, como ocurre con posibles vulneraciones a la integridad personal, a la vida, al acceso a la justicia, a la libertad y seguridad, as\u00ed como a la protecci\u00f3n integral de ni\u00f1as, ni\u00f1os y adolescentes.<\/p>\n<p>&nbsp;<\/p>\n<p>\u201cQue conoci\u00e9ramos de estas situaciones y permaneci\u00e9ramos pasivos, hubiera sido una omisi\u00f3n tan grande como el peligro que esas personas estaban corriendo\u201d, coment\u00f3 Renter\u00eda Barrag\u00e1n.<\/p>\n<p>&nbsp;<\/p>\n<p>De esa forma, durante los tres a\u00f1os de su presidencia se han abierto de oficio 403 expedientes de queja, registr\u00e1ndose el a\u00f1o pasado la mayor cantidad con 244, que significan un aumento de 84% con relaci\u00f3n al 2023 y 838% m\u00e1s que el 2022.<\/p>\n<p>&nbsp;<\/p>\n<p>Incluso, la suma de estos tres a\u00f1os promedia 134 quejas de oficio anualmente, mientras que las emitidas en 29 ejercicios anteriores arroja una media de 42.<\/p>\n<p>&nbsp;<\/p>\n<p>Hoy, con la iniciativa de la Comisi\u00f3n para atender los casos sin esperar a que las personas denuncien, se abre de oficio el 8.11% del total de quejas por probables violaciones a derechos humanos.<\/p>\n","protected":false},"excerpt":{"rendered":"<p>Con su actuaci\u00f3n de oficio en 244 casos durante el a\u00f1o 2024, la Comisi\u00f3n de Derechos Humanos de Sonora logr\u00f3 proteger a 320 personas cuyos derechos fundamentales estaban siendo probablemente vulnerados. &nbsp; El presidente de la CEDH, Luis Fernando Renter\u00eda Barrag\u00e1n, destac\u00f3 que la cifra de quejas de oficio iniciadas el a\u00f1o pasado, constituyen la [&hellip;]<\/p>\n","protected":false},"author":2,"featured_media":212643,"comment_status":"closed","ping_status":"closed","sticky":false,"template":"","format":"standard","meta":{"footnotes":""},"categories":[12870,178],"tags":[12865,12869],"class_list":["post-212642","post","type-post","status-publish","format-standard","has-post-thumbnail","hentry","category-destacadas","category-local","tag-destacadas","tag-local"],"jetpack_featured_media_url":"https:\/\/rnoticias.com.mx\/Portal\/wp-content\/uploads\/2025\/03\/b06d73c2-f0ea-401b-b3f4-8453dfe39830.jpg","amp_enabled":true,"_links":{"self":[{"href":"https:\/\/rnoticias.com.mx\/Portal\/wp-json\/wp\/v2\/posts\/212642","targetHints":{"allow":["GET"]}}],"collection":[{"href":"https:\/\/rnoticias.com.mx\/Portal\/wp-json\/wp\/v2\/posts"}],"about":[{"href":"https:\/\/rnoticias.com.mx\/Portal\/wp-json\/wp\/v2\/types\/post"}],"author":[{"embeddable":true,"href":"https:\/\/rnoticias.com.mx\/Portal\/wp-json\/wp\/v2\/users\/2"}],"replies":[{"embeddable":true,"href":"https:\/\/rnoticias.com.mx\/Portal\/wp-json\/wp\/v2\/comments?post=212642"}],"version-history":[{"count":1,"href":"https:\/\/rnoticias.com.mx\/Portal\/wp-json\/wp\/v2\/posts\/212642\/revisions"}],"predecessor-version":[{"id":212644,"href":"https:\/\/rnoticias.com.mx\/Portal\/wp-json\/wp\/v2\/posts\/212642\/revisions\/212644"}],"wp:featuredmedia":[{"embeddable":true,"href":"https:\/\/rnoticias.com.mx\/Portal\/wp-json\/wp\/v2\/media\/212643"}],"wp:attachment":[{"href":"https:\/\/rnoticias.com.mx\/Portal\/wp-json\/wp\/v2\/media?parent=212642"}],"wp:term":[{"taxonomy":"category","embeddable":true,"href":"https:\/\/rnoticias.com.mx\/Portal\/wp-json\/wp\/v2\/categories?post=212642"},{"taxonomy":"post_tag","embeddable":true,"href":"https:\/\/rnoticias.com.mx\/Portal\/wp-json\/wp\/v2\/tags?post=212642"}],"curies":[{"name":"wp","href":"https:\/\/api.w.org\/{rel}","templated":true}]}}