{"id":212633,"date":"2025-03-23T21:05:08","date_gmt":"2025-03-23T21:05:08","guid":{"rendered":"https:\/\/rnoticias.com.mx\/Portal\/?p=212633"},"modified":"2025-03-23T21:05:08","modified_gmt":"2025-03-23T21:05:08","slug":"lleva-diputada-diana-karina-barreras-jornada-de-entrega-de-lentes-a-colonia-las-isabales","status":"publish","type":"post","link":"https:\/\/rnoticias.com.mx\/Portal\/2025\/03\/23\/lleva-diputada-diana-karina-barreras-jornada-de-entrega-de-lentes-a-colonia-las-isabales\/","title":{"rendered":"Lleva Diputada Diana Karina Barreras jornada de entrega de lentes a colonia las Isabales"},"content":{"rendered":"<p>Hermosillo Sonora a marzo del 2022.- En cumplimiento con la sensibilidad de las necesidades del sector, la Diputada Diana Karina Barreras, llev\u00f3 este d\u00eda una jornada de entrega de lentes para vista cansada a personas mayores de 35 a\u00f1os en el sector norte de Hermosillo.<\/p>\n<p>Como parte de los compromisos con la sociedad hermosillense, La legisladora hizo entrega de cientos de lentes para vista cansada, realizando ex\u00e1menes de la vista y brindando el apoyo de los anteojos a todas las personas que se acercaron a evaluarse.<\/p>\n<p>La Diputada Federal expres\u00f3 que esta es una necesidad muy apremiante en la sociedad y que mejora la calidad de vida en la rutina diaria de las familias.<\/p>\n<p>\u201cMi compromiso es con las necesidades de la gente, lo dije en campa\u00f1a y lo estoy cumpliendo, estar\u00e9 siempre pendiente y atendiendo lo que la sociedad hermosillense necesite con el objetivo de que las familias eleven su calidad de vida y mejoren su situaci\u00f3n actual,\u201d expres\u00f3 Barreras Samaniego.<\/p>\n<p>Esta es solo una de las m\u00faltiples acciones que se est\u00e1n llevando a cabo en diferentes partes del sector, manteniendo presencia constante con la gente que le dio su confianza, dejando claro que no los defraudar\u00e1.<\/p>\n","protected":false},"excerpt":{"rendered":"<p>Hermosillo Sonora a marzo del 2022.- En cumplimiento con la sensibilidad de las necesidades del sector, la Diputada Diana Karina Barreras, llev\u00f3 este d\u00eda una jornada de entrega de lentes para vista cansada a personas mayores de 35 a\u00f1os en el sector norte de Hermosillo. Como parte de los compromisos con la sociedad hermosillense, La [&hellip;]<\/p>\n","protected":false},"author":2,"featured_media":212634,"comment_status":"closed","ping_status":"closed","sticky":false,"template":"","format":"standard","meta":{"footnotes":""},"categories":[12870,178],"tags":[12865,12869],"class_list":["post-212633","post","type-post","status-publish","format-standard","has-post-thumbnail","hentry","category-destacadas","category-local","tag-destacadas","tag-local"],"jetpack_featured_media_url":"https:\/\/rnoticias.com.mx\/Portal\/wp-content\/uploads\/2025\/03\/082ba266-0fcd-40f7-b6e0-c260377b94d4.jpg","amp_enabled":true,"_links":{"self":[{"href":"https:\/\/rnoticias.com.mx\/Portal\/wp-json\/wp\/v2\/posts\/212633","targetHints":{"allow":["GET"]}}],"collection":[{"href":"https:\/\/rnoticias.com.mx\/Portal\/wp-json\/wp\/v2\/posts"}],"about":[{"href":"https:\/\/rnoticias.com.mx\/Portal\/wp-json\/wp\/v2\/types\/post"}],"author":[{"embeddable":true,"href":"https:\/\/rnoticias.com.mx\/Portal\/wp-json\/wp\/v2\/users\/2"}],"replies":[{"embeddable":true,"href":"https:\/\/rnoticias.com.mx\/Portal\/wp-json\/wp\/v2\/comments?post=212633"}],"version-history":[{"count":1,"href":"https:\/\/rnoticias.com.mx\/Portal\/wp-json\/wp\/v2\/posts\/212633\/revisions"}],"predecessor-version":[{"id":212635,"href":"https:\/\/rnoticias.com.mx\/Portal\/wp-json\/wp\/v2\/posts\/212633\/revisions\/212635"}],"wp:featuredmedia":[{"embeddable":true,"href":"https:\/\/rnoticias.com.mx\/Portal\/wp-json\/wp\/v2\/media\/212634"}],"wp:attachment":[{"href":"https:\/\/rnoticias.com.mx\/Portal\/wp-json\/wp\/v2\/media?parent=212633"}],"wp:term":[{"taxonomy":"category","embeddable":true,"href":"https:\/\/rnoticias.com.mx\/Portal\/wp-json\/wp\/v2\/categories?post=212633"},{"taxonomy":"post_tag","embeddable":true,"href":"https:\/\/rnoticias.com.mx\/Portal\/wp-json\/wp\/v2\/tags?post=212633"}],"curies":[{"name":"wp","href":"https:\/\/api.w.org\/{rel}","templated":true}]}}