{"id":212630,"date":"2025-03-23T21:03:26","date_gmt":"2025-03-23T21:03:26","guid":{"rendered":"https:\/\/rnoticias.com.mx\/Portal\/?p=212630"},"modified":"2025-03-23T21:03:26","modified_gmt":"2025-03-23T21:03:26","slug":"en-san-luis-rio-colorado-capturan-a-sujeto-por-delito-de-trata-de-personas-en-modalidad-de-pornografia-infantil","status":"publish","type":"post","link":"https:\/\/rnoticias.com.mx\/Portal\/2025\/03\/23\/en-san-luis-rio-colorado-capturan-a-sujeto-por-delito-de-trata-de-personas-en-modalidad-de-pornografia-infantil\/","title":{"rendered":"En San Luis R\u00edo Colorado capturan a sujeto por delito de trata de personas en modalidad de pornograf\u00eda infantil"},"content":{"rendered":"<p>San Luis R\u00edo Colorado, Sonora, 23 de marzo de 2025.- Personal de la Agencia Ministerial de Investigaci\u00f3n Criminal (AMIC) cumpli\u00f3 una orden de aprehensi\u00f3n en colaboraci\u00f3n con la Fiscal\u00eda General del Estado de Quintana Roo (FGJEQR), en contra de V\u00edctor No\u00e9 \u201cN\u201d, de 24 a\u00f1os, originario de San Luis R\u00edo Colorado, por su probable participaci\u00f3n en el delito de trata de personas en su modalidad de pornograf\u00eda infantil.<\/p>\n<p>La investigaci\u00f3n inicial deriv\u00f3 de un trabajo coordinado con la Agregadur\u00eda de Investigaciones de Seguridad Nacional de la Embajada de Estados Unidos en M\u00e9xico (HSI, por sus siglas en ingl\u00e9s), quienes alertaron a las autoridades mexicanas sobre la existencia de una v\u00edctima de 8 a\u00f1os.<\/p>\n<p>Dentro de las indagatorias se estableci\u00f3 que el imputado utilizaba la t\u00e9cnica denominada \u201cgrooming\u201d para contactar y manipular a la v\u00edctima mediante un videojuego en la plataforma \u201cDiscord\u201d, haci\u00e9ndose pasar por otro menor para obtener material sexual expl\u00edcito.<\/p>\n<p>La detenci\u00f3n del imputado se realiz\u00f3 el pasado 20 de marzo en la colonia Progreso, en San Luis R\u00edo Colorado, en atenci\u00f3n al oficio de colaboraci\u00f3n entre ambas fiscal\u00edas estatales.<\/p>\n<p>Durante la diligencia participaron elementos de la Polic\u00eda de Investigaci\u00f3n del Estado de Quintana Roo, quienes posteriormente asumieron la responsabilidad del traslado del detenido hacia dicho estado para su puesta a disposici\u00f3n ante la autoridad correspondiente.<\/p>\n<p>La Fiscal\u00eda General de Justicia del Estado de Sonora (FGJES) reafirma su compromiso en combatir frontalmente delitos contra menores de edad, fortaleciendo la coordinaci\u00f3n interinstitucional nacional e internacional, para garantizar justicia y protecci\u00f3n integral a las v\u00edctimas.<\/p>\n","protected":false},"excerpt":{"rendered":"<p>San Luis R\u00edo Colorado, Sonora, 23 de marzo de 2025.- Personal de la Agencia Ministerial de Investigaci\u00f3n Criminal (AMIC) cumpli\u00f3 una orden de aprehensi\u00f3n en colaboraci\u00f3n con la Fiscal\u00eda General del Estado de Quintana Roo (FGJEQR), en contra de V\u00edctor No\u00e9 \u201cN\u201d, de 24 a\u00f1os, originario de San Luis R\u00edo Colorado, por su probable participaci\u00f3n [&hellip;]<\/p>\n","protected":false},"author":2,"featured_media":212631,"comment_status":"closed","ping_status":"closed","sticky":false,"template":"","format":"standard","meta":{"footnotes":""},"categories":[12870,174],"tags":[12865,12873],"class_list":["post-212630","post","type-post","status-publish","format-standard","has-post-thumbnail","hentry","category-destacadas","category-estatal","tag-destacadas","tag-estatal"],"jetpack_featured_media_url":"https:\/\/rnoticias.com.mx\/Portal\/wp-content\/uploads\/2025\/03\/15680f20-d5e6-4ec3-b0fd-e3190576bf6b.jpg","amp_enabled":true,"_links":{"self":[{"href":"https:\/\/rnoticias.com.mx\/Portal\/wp-json\/wp\/v2\/posts\/212630","targetHints":{"allow":["GET"]}}],"collection":[{"href":"https:\/\/rnoticias.com.mx\/Portal\/wp-json\/wp\/v2\/posts"}],"about":[{"href":"https:\/\/rnoticias.com.mx\/Portal\/wp-json\/wp\/v2\/types\/post"}],"author":[{"embeddable":true,"href":"https:\/\/rnoticias.com.mx\/Portal\/wp-json\/wp\/v2\/users\/2"}],"replies":[{"embeddable":true,"href":"https:\/\/rnoticias.com.mx\/Portal\/wp-json\/wp\/v2\/comments?post=212630"}],"version-history":[{"count":1,"href":"https:\/\/rnoticias.com.mx\/Portal\/wp-json\/wp\/v2\/posts\/212630\/revisions"}],"predecessor-version":[{"id":212632,"href":"https:\/\/rnoticias.com.mx\/Portal\/wp-json\/wp\/v2\/posts\/212630\/revisions\/212632"}],"wp:featuredmedia":[{"embeddable":true,"href":"https:\/\/rnoticias.com.mx\/Portal\/wp-json\/wp\/v2\/media\/212631"}],"wp:attachment":[{"href":"https:\/\/rnoticias.com.mx\/Portal\/wp-json\/wp\/v2\/media?parent=212630"}],"wp:term":[{"taxonomy":"category","embeddable":true,"href":"https:\/\/rnoticias.com.mx\/Portal\/wp-json\/wp\/v2\/categories?post=212630"},{"taxonomy":"post_tag","embeddable":true,"href":"https:\/\/rnoticias.com.mx\/Portal\/wp-json\/wp\/v2\/tags?post=212630"}],"curies":[{"name":"wp","href":"https:\/\/api.w.org\/{rel}","templated":true}]}}