{"id":212618,"date":"2025-03-23T20:53:03","date_gmt":"2025-03-23T20:53:03","guid":{"rendered":"https:\/\/rnoticias.com.mx\/Portal\/?p=212618"},"modified":"2025-03-23T20:53:03","modified_gmt":"2025-03-23T20:53:03","slug":"reportan-caida-de-volador-de-papantla-en-pleno-baile-en-xochimilco","status":"publish","type":"post","link":"https:\/\/rnoticias.com.mx\/Portal\/2025\/03\/23\/reportan-caida-de-volador-de-papantla-en-pleno-baile-en-xochimilco\/","title":{"rendered":"Reportan ca\u00edda de volador de Papantla en pleno baile en Xochimilco"},"content":{"rendered":"<p>Este s\u00e1bado 22 de marzo, alrededor del mediod\u00eda, habitantes de Xaltocan presenciaron un impactante incidente durante la ejecuci\u00f3n del tradicional ritual de los Voladores de Papantla. En pleno acto ceremonial,\u00a0<mark>uno de los danzantes sufri\u00f3 una aparatosa ca\u00edda al desprenderse de la cuerda que lo sujetaba,\u00a0<\/mark>mientras realizaban su presentaci\u00f3n ante ciudadanos de Xochimilco.<\/p>\n<p>El suceso, captado y difundido r\u00e1pidamente a trav\u00e9s de diversas plataformas digitales, gener\u00f3 preocupaci\u00f3n entre los espectadores y usuarios de redes sociales. Ante la viralizaci\u00f3n de los hechos,\u00a0<strong>el Centro de Comando, Control, C\u00f3mputo, Comunicaciones y Contacto Ciudadano (C5) de la Ciudad de M\u00e9xico<\/strong>\u00a0inform\u00f3 que los equipos de emergencia fueron enviados al lugar para brindar asistencia a la persona afectada.<\/p>\n<p>Asimismo, el testigo que report\u00f3 el acontecimiento confirm\u00f3 que\u00a0<mark>la v\u00edctima qued\u00f3 inconsciente tras la ca\u00edda,<\/mark>\u00a0lo que aument\u00f3 la alarma entre los asistentes y quienes segu\u00edan la noticia en l\u00ednea. Hasta el momento,\u00a0<strong>no se han brindado m\u00e1s detalles sobre su estado de salud ni sobre las circunstancias exactas que llevaron a este accidente durante la ejecuci\u00f3n de la danza ancestral.<\/strong><\/p>\n<p>Este tipo de ceremonias forman parte del patrimonio cultural mexicano y\u00a0<mark>son reconocidas a nivel mundial por su complejidad y el alto nivel de destreza que requieren.<\/mark>\u00a0Los Voladores de Papantla realizan sus danzas en lo alto de un poste, descendiendo en espiral mientras est\u00e1n atados con cuerdas, en una pr\u00e1ctica que simboliza una ofrenda a los dioses. Sin embargo,\u00a0<strong>la ejecuci\u00f3n de esta tradici\u00f3n conlleva riesgos significativos, por lo que la seguridad de los participantes es un aspecto fundamental.<\/strong><\/p>\n<p>Las autoridades\u00a0<strong>a\u00fan no han emitido un comunicado oficial con m\u00e1s detalles sobre la condici\u00f3n del danzante\u00a0<\/strong>o si se tomar\u00e1n medidas adicionales para reforzar la seguridad en futuras presentaciones de esta tradici\u00f3n. La comunidad sigue atenta a cualquier actualizaci\u00f3n sobre la salud del afectado y a las acciones que se puedan implementar para evitar tragedias similares en el futuro.<\/p>\n","protected":false},"excerpt":{"rendered":"<p>Este s\u00e1bado 22 de marzo, alrededor del mediod\u00eda, habitantes de Xaltocan presenciaron un impactante incidente durante la ejecuci\u00f3n del tradicional ritual de los Voladores de Papantla. En pleno acto ceremonial,\u00a0uno de los danzantes sufri\u00f3 una aparatosa ca\u00edda al desprenderse de la cuerda que lo sujetaba,\u00a0mientras realizaban su presentaci\u00f3n ante ciudadanos de Xochimilco. El suceso, captado [&hellip;]<\/p>\n","protected":false},"author":2,"featured_media":212619,"comment_status":"closed","ping_status":"closed","sticky":false,"template":"","format":"standard","meta":{"footnotes":""},"categories":[12870,172],"tags":[12865,12874],"class_list":["post-212618","post","type-post","status-publish","format-standard","has-post-thumbnail","hentry","category-destacadas","category-nacional","tag-destacadas","tag-nacional"],"jetpack_featured_media_url":"https:\/\/rnoticias.com.mx\/Portal\/wp-content\/uploads\/2025\/03\/voladores-001049-184614-1024x576-1.jpg","amp_enabled":true,"_links":{"self":[{"href":"https:\/\/rnoticias.com.mx\/Portal\/wp-json\/wp\/v2\/posts\/212618","targetHints":{"allow":["GET"]}}],"collection":[{"href":"https:\/\/rnoticias.com.mx\/Portal\/wp-json\/wp\/v2\/posts"}],"about":[{"href":"https:\/\/rnoticias.com.mx\/Portal\/wp-json\/wp\/v2\/types\/post"}],"author":[{"embeddable":true,"href":"https:\/\/rnoticias.com.mx\/Portal\/wp-json\/wp\/v2\/users\/2"}],"replies":[{"embeddable":true,"href":"https:\/\/rnoticias.com.mx\/Portal\/wp-json\/wp\/v2\/comments?post=212618"}],"version-history":[{"count":1,"href":"https:\/\/rnoticias.com.mx\/Portal\/wp-json\/wp\/v2\/posts\/212618\/revisions"}],"predecessor-version":[{"id":212620,"href":"https:\/\/rnoticias.com.mx\/Portal\/wp-json\/wp\/v2\/posts\/212618\/revisions\/212620"}],"wp:featuredmedia":[{"embeddable":true,"href":"https:\/\/rnoticias.com.mx\/Portal\/wp-json\/wp\/v2\/media\/212619"}],"wp:attachment":[{"href":"https:\/\/rnoticias.com.mx\/Portal\/wp-json\/wp\/v2\/media?parent=212618"}],"wp:term":[{"taxonomy":"category","embeddable":true,"href":"https:\/\/rnoticias.com.mx\/Portal\/wp-json\/wp\/v2\/categories?post=212618"},{"taxonomy":"post_tag","embeddable":true,"href":"https:\/\/rnoticias.com.mx\/Portal\/wp-json\/wp\/v2\/tags?post=212618"}],"curies":[{"name":"wp","href":"https:\/\/api.w.org\/{rel}","templated":true}]}}