{"id":212615,"date":"2025-03-23T20:48:23","date_gmt":"2025-03-23T20:48:23","guid":{"rendered":"https:\/\/rnoticias.com.mx\/Portal\/?p=212615"},"modified":"2025-03-23T20:48:23","modified_gmt":"2025-03-23T20:48:23","slug":"capturan-a-implicado-en-maltrato-animal-en-nogales","status":"publish","type":"post","link":"https:\/\/rnoticias.com.mx\/Portal\/2025\/03\/23\/capturan-a-implicado-en-maltrato-animal-en-nogales\/","title":{"rendered":"Capturan a implicado en maltrato animal en Nogales"},"content":{"rendered":"<p>Nogales, Sonora, 23 de marzo de 2025.- En cumplimiento a una orden de aprehensi\u00f3n y como resultado de un operativo conjunto entre la Agencia Ministerial de Investigaci\u00f3n Criminal (AMIC) y la Secretar\u00eda de la Defensa Nacional (DEFENSA), se captur\u00f3 a Jes\u00fas Alan \u201cN\u201d, de 35 a\u00f1os, originario de Guam\u00fachil, Sinaloa, por su presunta responsabilidad en el delito cometido en contra de los animales por actos de maltrato o crueldad.<\/p>\n<p>Los hechos que originaron la causa penal ocurrieron el 28 de diciembre de 2024, por fuera del domicilio de la v\u00edctima Minerva de Jes\u00fas \u201cN\u201d, cuando el imputado agredi\u00f3 con un tubo de metal al canino de nombre \u201cTobi\u201d, dej\u00e1ndolo inconsciente como consecuencia del ataque.<\/p>\n<p>El imputado fue puesto a disposici\u00f3n de la autoridad judicial y qued\u00f3 internado en el Centro de Reinserci\u00f3n Social (CERESO) de Nogales, donde permanecer\u00e1 en tanto se desarrolla el proceso legal correspondiente.<\/p>\n<p>La Fiscal\u00eda General de Justicia del Estado de Sonora (FGJES) reafirma su compromiso con el respeto y protecci\u00f3n de la vida animal, as\u00ed como con la aplicaci\u00f3n estricta de la ley para quienes incurran en actos de crueldad, garantizando justicia tanto para las v\u00edctimas directas como para la sociedad en su conjunto.<\/p>\n","protected":false},"excerpt":{"rendered":"<p>Nogales, Sonora, 23 de marzo de 2025.- En cumplimiento a una orden de aprehensi\u00f3n y como resultado de un operativo conjunto entre la Agencia Ministerial de Investigaci\u00f3n Criminal (AMIC) y la Secretar\u00eda de la Defensa Nacional (DEFENSA), se captur\u00f3 a Jes\u00fas Alan \u201cN\u201d, de 35 a\u00f1os, originario de Guam\u00fachil, Sinaloa, por su presunta responsabilidad en [&hellip;]<\/p>\n","protected":false},"author":2,"featured_media":212616,"comment_status":"closed","ping_status":"closed","sticky":false,"template":"","format":"standard","meta":{"footnotes":""},"categories":[12870,174],"tags":[12865,12873],"class_list":["post-212615","post","type-post","status-publish","format-standard","has-post-thumbnail","hentry","category-destacadas","category-estatal","tag-destacadas","tag-estatal"],"jetpack_featured_media_url":"https:\/\/rnoticias.com.mx\/Portal\/wp-content\/uploads\/2025\/03\/cf112401-88b7-4f43-88d4-882ec1dd0838.jpg","amp_enabled":true,"_links":{"self":[{"href":"https:\/\/rnoticias.com.mx\/Portal\/wp-json\/wp\/v2\/posts\/212615","targetHints":{"allow":["GET"]}}],"collection":[{"href":"https:\/\/rnoticias.com.mx\/Portal\/wp-json\/wp\/v2\/posts"}],"about":[{"href":"https:\/\/rnoticias.com.mx\/Portal\/wp-json\/wp\/v2\/types\/post"}],"author":[{"embeddable":true,"href":"https:\/\/rnoticias.com.mx\/Portal\/wp-json\/wp\/v2\/users\/2"}],"replies":[{"embeddable":true,"href":"https:\/\/rnoticias.com.mx\/Portal\/wp-json\/wp\/v2\/comments?post=212615"}],"version-history":[{"count":1,"href":"https:\/\/rnoticias.com.mx\/Portal\/wp-json\/wp\/v2\/posts\/212615\/revisions"}],"predecessor-version":[{"id":212617,"href":"https:\/\/rnoticias.com.mx\/Portal\/wp-json\/wp\/v2\/posts\/212615\/revisions\/212617"}],"wp:featuredmedia":[{"embeddable":true,"href":"https:\/\/rnoticias.com.mx\/Portal\/wp-json\/wp\/v2\/media\/212616"}],"wp:attachment":[{"href":"https:\/\/rnoticias.com.mx\/Portal\/wp-json\/wp\/v2\/media?parent=212615"}],"wp:term":[{"taxonomy":"category","embeddable":true,"href":"https:\/\/rnoticias.com.mx\/Portal\/wp-json\/wp\/v2\/categories?post=212615"},{"taxonomy":"post_tag","embeddable":true,"href":"https:\/\/rnoticias.com.mx\/Portal\/wp-json\/wp\/v2\/tags?post=212615"}],"curies":[{"name":"wp","href":"https:\/\/api.w.org\/{rel}","templated":true}]}}