{"id":212612,"date":"2025-03-23T20:47:45","date_gmt":"2025-03-23T20:47:45","guid":{"rendered":"https:\/\/rnoticias.com.mx\/Portal\/?p=212612"},"modified":"2025-03-23T20:47:45","modified_gmt":"2025-03-23T20:47:45","slug":"vinculan-a-proceso-a-imputado-por-homicidio-en-ciudad-obregon","status":"publish","type":"post","link":"https:\/\/rnoticias.com.mx\/Portal\/2025\/03\/23\/vinculan-a-proceso-a-imputado-por-homicidio-en-ciudad-obregon\/","title":{"rendered":"Vinculan a proceso a imputado por homicidio en Ciudad Obreg\u00f3n"},"content":{"rendered":"<p>Cajeme, Sonora, 23 de marzo de 2025.- La Fiscal\u00eda General de Justicia del Estado de Sonora (FGJES), en audiencia de control de detenci\u00f3n, obtuvo la vinculaci\u00f3n a proceso en contra de Reynaldo \u201cN\u201d, por su probable responsabilidad en el delito de homicidio calificado con alevos\u00eda, en perjuicio de Juan Francisco \u201cN\u201d, hecho registrado en Ciudad Obreg\u00f3n.<\/p>\n<p>Durante la audiencia, el Juez ratific\u00f3 de legal la detenci\u00f3n del imputado, imponi\u00e9ndole la medida cautelar de prisi\u00f3n preventiva justificada y fijando un plazo de cuatro meses para el cierre de la investigaci\u00f3n complementaria.<\/p>\n<p>Los hechos imputados, asentados en la carpeta de investigaci\u00f3n, se suscitaron el pasado 19 de marzo, alrededor de las 10:00 horas, en un predio ubicado en la calle Doctor Norman E. Borlaug y Ej\u00e9rcito Nacional, en la colonia Nueva Palmira.<\/p>\n<p>De acuerdo con la investigaci\u00f3n, Reynaldo \u201cN\u201d tom\u00f3 por sorpresa a Juan Francisco \u201cN\u201d, sin darle oportunidad de defenderse ni de evitar la agresi\u00f3n, realizando un ataque con arma de fuego de forma directa.<\/p>\n<p>Como consecuencia de las heridas sufridas, la v\u00edctima fue trasladada a un hospital de la ciudad, donde perdi\u00f3 la vida mientras recib\u00eda atenci\u00f3n m\u00e9dica. El actuar del imputado vulner\u00f3 el bien jur\u00eddico tutelado de mayor relevancia como lo es la vida.<\/p>\n<p>La Fiscal\u00eda General de Justicia del Estado de Sonora (FGJES) reafirma su compromiso con la procuraci\u00f3n de justicia, impulsando investigaciones s\u00f3lidas que deriven en sanciones firmes contra quienes cometan delitos graves, en estricto cumplimiento del marco legal.<\/p>\n","protected":false},"excerpt":{"rendered":"<p>Cajeme, Sonora, 23 de marzo de 2025.- La Fiscal\u00eda General de Justicia del Estado de Sonora (FGJES), en audiencia de control de detenci\u00f3n, obtuvo la vinculaci\u00f3n a proceso en contra de Reynaldo \u201cN\u201d, por su probable responsabilidad en el delito de homicidio calificado con alevos\u00eda, en perjuicio de Juan Francisco \u201cN\u201d, hecho registrado en Ciudad [&hellip;]<\/p>\n","protected":false},"author":2,"featured_media":212613,"comment_status":"closed","ping_status":"closed","sticky":false,"template":"","format":"standard","meta":{"footnotes":""},"categories":[12870,174],"tags":[12865,12873],"class_list":["post-212612","post","type-post","status-publish","format-standard","has-post-thumbnail","hentry","category-destacadas","category-estatal","tag-destacadas","tag-estatal"],"jetpack_featured_media_url":"https:\/\/rnoticias.com.mx\/Portal\/wp-content\/uploads\/2025\/03\/eedd8101-e749-4bee-891c-7cc418b29e94.jpg","amp_enabled":true,"_links":{"self":[{"href":"https:\/\/rnoticias.com.mx\/Portal\/wp-json\/wp\/v2\/posts\/212612","targetHints":{"allow":["GET"]}}],"collection":[{"href":"https:\/\/rnoticias.com.mx\/Portal\/wp-json\/wp\/v2\/posts"}],"about":[{"href":"https:\/\/rnoticias.com.mx\/Portal\/wp-json\/wp\/v2\/types\/post"}],"author":[{"embeddable":true,"href":"https:\/\/rnoticias.com.mx\/Portal\/wp-json\/wp\/v2\/users\/2"}],"replies":[{"embeddable":true,"href":"https:\/\/rnoticias.com.mx\/Portal\/wp-json\/wp\/v2\/comments?post=212612"}],"version-history":[{"count":1,"href":"https:\/\/rnoticias.com.mx\/Portal\/wp-json\/wp\/v2\/posts\/212612\/revisions"}],"predecessor-version":[{"id":212614,"href":"https:\/\/rnoticias.com.mx\/Portal\/wp-json\/wp\/v2\/posts\/212612\/revisions\/212614"}],"wp:featuredmedia":[{"embeddable":true,"href":"https:\/\/rnoticias.com.mx\/Portal\/wp-json\/wp\/v2\/media\/212613"}],"wp:attachment":[{"href":"https:\/\/rnoticias.com.mx\/Portal\/wp-json\/wp\/v2\/media?parent=212612"}],"wp:term":[{"taxonomy":"category","embeddable":true,"href":"https:\/\/rnoticias.com.mx\/Portal\/wp-json\/wp\/v2\/categories?post=212612"},{"taxonomy":"post_tag","embeddable":true,"href":"https:\/\/rnoticias.com.mx\/Portal\/wp-json\/wp\/v2\/tags?post=212612"}],"curies":[{"name":"wp","href":"https:\/\/api.w.org\/{rel}","templated":true}]}}