{"id":212595,"date":"2025-03-23T03:51:45","date_gmt":"2025-03-23T03:51:45","guid":{"rendered":"https:\/\/rnoticias.com.mx\/Portal\/?p=212595"},"modified":"2025-03-23T03:51:45","modified_gmt":"2025-03-23T03:51:45","slug":"eduardo-verastegui-apoya-a-luisito-comunica-ante-las-criticas-por-el-caso-teuchitlan","status":"publish","type":"post","link":"https:\/\/rnoticias.com.mx\/Portal\/2025\/03\/23\/eduardo-verastegui-apoya-a-luisito-comunica-ante-las-criticas-por-el-caso-teuchitlan\/","title":{"rendered":"Eduardo Ver\u00e1stegui apoya a Luisito Comunica ante las cr\u00edticas por el caso Teuchitl\u00e1n"},"content":{"rendered":"<p><strong>Despu\u00e9s del impacto causado por el descubrimiento de lo que parece ser un campo de exterminio en Teuchitl\u00e1n, Jalisco<\/strong>, las redes sociales estallaron debido a la angustiante escena en la que el colectivo Guerreros Buscadores de Jalisco encontr\u00f3 restos humanos, cientos de prendas de vestir, mochilas y m\u00e1s de 200 pares de zapatos en los alrededores del Rancho Izaguirre, pertenecientes a personas desaparecidas.<\/p>\n<p>Ante esto, la sociedad,\u00a0<strong>los comunicadores y figuras p\u00fablicas resaltaron el trabajo de los grupos de madres buscadoras, as\u00ed como la necesidad de esclarecer el caso<\/strong>, ya que el sitio fue identificado como un campo de exterminio utilizado por el CJNG para reclutar nuevos miembros y como centro de entrenamiento t\u00e1ctico.<\/p>\n<p>Entre las declaraciones que generaron gran revuelo en las redes, destac\u00f3 la del youtuber\u00a0<strong>Luisito Comunica<\/strong>, quien\u00a0<strong>public\u00f3 un controvertido video en Instagram.<\/strong><\/p>\n<p>&#8220;Desde que tengo memoria, M\u00e9xico es un pa\u00eds con much\u00edsima violencia. A cada rato escuchamos que encontramos a unos muertos en la carretera, que los mafiosos colgaron unas cabezas humanas en la calle para esparcir miedo (&#8230;)\u00a0Esto es algo que los mexicanos tristemente tenemos muy normalizado, al punto en que recientemente, cuando se dio a conocer el horrible caso del supuesto campo de exterminio que fue encontrado en\u00a0Jalisco, pocos realmente nos sorprendimos&#8221;,\u00a0expres\u00f3.<\/p>\n<p>En sus palabras, culp\u00f3 a la corrupci\u00f3n que hay en M\u00e9xico y evidencia al gobierno por permitir que el crimen organizado escalar\u00e1 tanto, por este motivo se abri\u00f3 un fuerte debate en redes sociales que lo volvi\u00f3 blanco de cr\u00edticas.<\/p>\n<p>Por este motivo\u00a0<strong>&#8220;El Pillo&#8221; recibi\u00f3 ataques y cr\u00edticas de seguidores de la 4T,<\/strong>\u00a0que recordaron momentos del influencer en los que se ha tomado fotos con expresidentes y material que tiene en sembrad\u00edos de marihuana y la vez que fum\u00f3 en su m\u00e1s reciente visita a Uruguay; el productor\u00a0<strong>Eduardo Ver\u00e1stegui respald\u00f3 a Luisito Comunica a trav\u00e9s de &#8216;X&#8217;.<\/strong><\/p>\n<p>Ver\u00e1stegui asegur\u00f3 que hab\u00eda toda una campa\u00f1a en redes sociales en contra del youtuber poblano orquestada por el &#8220;Narco-Estado&#8221;.\u00a0&#8220;Cuando las opiniones de los\u00a0influencers\u00a0est\u00e1n a su favor, los etiquetan de objetivos, imparciales y buenos ciudadanos; cuando van en contra, no los bajan de pagados rid\u00edculos&#8221;, mencion\u00f3.<\/p>\n<p>&#8220;Veo a defensores de la legalizaci\u00f3n de las drogas, criticarlo por consumir marihuana, los mismos que se convirtieron en espacios p\u00fablicos y donde transitan a diario millas de familias enteras en lugares de consumo y tr\u00e1fico de drogas. \u00bfDe verdad pueden ser tan hip\u00f3critas?&#8221; a\u00f1adido.<\/p>\n<p>Adem\u00e1s remarc\u00f3 que alguien con millones de seguidores se preocupa por el pa\u00eds:\u00a0&#8220;Luisito, como millones de mexicanos, se ha dado cuenta de que en M\u00e9xico gobierna un sistema c\u00f3mplice del crimen organizado.\u00a0En esa lucha por liberar nuestro pa\u00eds de la porquer\u00eda pol\u00edtica que nos gobierna, estamos todos&#8221;.<\/p>\n","protected":false},"excerpt":{"rendered":"<p>Despu\u00e9s del impacto causado por el descubrimiento de lo que parece ser un campo de exterminio en Teuchitl\u00e1n, Jalisco, las redes sociales estallaron debido a la angustiante escena en la que el colectivo Guerreros Buscadores de Jalisco encontr\u00f3 restos humanos, cientos de prendas de vestir, mochilas y m\u00e1s de 200 pares de zapatos en los [&hellip;]<\/p>\n","protected":false},"author":2,"featured_media":212596,"comment_status":"closed","ping_status":"closed","sticky":false,"template":"","format":"standard","meta":{"footnotes":""},"categories":[12870,172],"tags":[12865,12874],"class_list":["post-212595","post","type-post","status-publish","format-standard","has-post-thumbnail","hentry","category-destacadas","category-nacional","tag-destacadas","tag-nacional"],"jetpack_featured_media_url":"https:\/\/rnoticias.com.mx\/Portal\/wp-content\/uploads\/2025\/03\/VERASTEGUI-700x375-1.jpg","amp_enabled":true,"_links":{"self":[{"href":"https:\/\/rnoticias.com.mx\/Portal\/wp-json\/wp\/v2\/posts\/212595","targetHints":{"allow":["GET"]}}],"collection":[{"href":"https:\/\/rnoticias.com.mx\/Portal\/wp-json\/wp\/v2\/posts"}],"about":[{"href":"https:\/\/rnoticias.com.mx\/Portal\/wp-json\/wp\/v2\/types\/post"}],"author":[{"embeddable":true,"href":"https:\/\/rnoticias.com.mx\/Portal\/wp-json\/wp\/v2\/users\/2"}],"replies":[{"embeddable":true,"href":"https:\/\/rnoticias.com.mx\/Portal\/wp-json\/wp\/v2\/comments?post=212595"}],"version-history":[{"count":1,"href":"https:\/\/rnoticias.com.mx\/Portal\/wp-json\/wp\/v2\/posts\/212595\/revisions"}],"predecessor-version":[{"id":212597,"href":"https:\/\/rnoticias.com.mx\/Portal\/wp-json\/wp\/v2\/posts\/212595\/revisions\/212597"}],"wp:featuredmedia":[{"embeddable":true,"href":"https:\/\/rnoticias.com.mx\/Portal\/wp-json\/wp\/v2\/media\/212596"}],"wp:attachment":[{"href":"https:\/\/rnoticias.com.mx\/Portal\/wp-json\/wp\/v2\/media?parent=212595"}],"wp:term":[{"taxonomy":"category","embeddable":true,"href":"https:\/\/rnoticias.com.mx\/Portal\/wp-json\/wp\/v2\/categories?post=212595"},{"taxonomy":"post_tag","embeddable":true,"href":"https:\/\/rnoticias.com.mx\/Portal\/wp-json\/wp\/v2\/tags?post=212595"}],"curies":[{"name":"wp","href":"https:\/\/api.w.org\/{rel}","templated":true}]}}