{"id":212486,"date":"2025-03-22T16:15:24","date_gmt":"2025-03-22T16:15:24","guid":{"rendered":"https:\/\/rnoticias.com.mx\/Portal\/?p=212486"},"modified":"2025-03-22T16:15:24","modified_gmt":"2025-03-22T16:15:24","slug":"lupita-dalessio-es-hospitalizada-y-cancela-sus-conciertos-en-la-cdmx","status":"publish","type":"post","link":"https:\/\/rnoticias.com.mx\/Portal\/2025\/03\/22\/lupita-dalessio-es-hospitalizada-y-cancela-sus-conciertos-en-la-cdmx\/","title":{"rendered":"Lupita D&#8217;Alessio es hospitalizada y cancela sus conciertos en la CDMX"},"content":{"rendered":"<p>La cantante y actriz mexicana,<mark>\u00a0Lupita D&#8217;Alessio, tuvo que ser hospitalizada de \u00faltimo momento<\/mark>\u00a0tras su llegada a la Ciudad de M\u00e9xico, ante esto, familiares y personas cercanas a la int\u00e9rprete negaron que su situaci\u00f3n sea delicada y aseguran que se encuentra fuera de peligro; sin embargo, debido a su condici\u00f3n,\u00a0<strong>D&#8217;Alessio tuvo que cancelar dos de los conciertos que ten\u00eda programados para este viernes y s\u00e1bado.<\/strong><\/p>\n<p>Fue a tan solo unas pocas horas despu\u00e9s de que la artista compartiera con sus fan\u00e1ticos que dar\u00e1 un concierto gratuito en el Z\u00f3calo capitalino el d\u00eda 10 de mayo como parte de la celebraci\u00f3n del D\u00eda de la madres, que tuvo que ser\u00a0<strong>llevada al hospital por problemas de salud.\u00a0<\/strong><\/p>\n<p>Durante la emisi\u00f3n vespertina del popular programa &#8220;Ventaneando&#8221;, el conductor Ricardo Manjarrez hizo saber que la cantante\u00a0<strong>se vio forzada a suspender los conciertos programados<\/strong>, a pesar de no presentar un problema grave de salud.<\/p>\n<p>&#8220;El d\u00eda de hoy (viernes) y el d\u00eda de ma\u00f1ana ofrecer\u00eda un concierto en la Ciudad de M\u00e9xico, pero estos se cancelan porque Lupita, desafortunadamente, est\u00e1 hospitalizada, est\u00e1 bien, est\u00e1 estable, pero con esta temporada, con estos calores, fr\u00edos, le dio un resfriado viral y el doctor le dijo: &#8216;Lupita no es conveniente que cantes'&#8221;.<\/p>\n<p>De igual manera, el Sal\u00f3n La Maraka, recinto en la Ciudad de M\u00e9xico, donde Lupita se iba a presentar, anunci\u00f3 por medio de sus redes sociales que dichos shows<mark>\u00a0no se llevar\u00e1n a cabo los d\u00edas 21 y 22 de marzo, sino que se reprogramar\u00e1n para el viernes 28 y s\u00e1bado 29 de este mes.\u00a0<\/mark><\/p>\n<p>\u201cA todo nuestro p\u00fablico queremos informarles que los conciertos de nuestra querida LUPITA D\u2019ALESSIO han sido pospuestos para el 28 y 29 de marzo respectivamente por cuestiones de salud\u201d, detall\u00f3 en un comunicado el lugar del evento.<\/p>\n","protected":false},"excerpt":{"rendered":"<p>La cantante y actriz mexicana,\u00a0Lupita D&#8217;Alessio, tuvo que ser hospitalizada de \u00faltimo momento\u00a0tras su llegada a la Ciudad de M\u00e9xico, ante esto, familiares y personas cercanas a la int\u00e9rprete negaron que su situaci\u00f3n sea delicada y aseguran que se encuentra fuera de peligro; sin embargo, debido a su condici\u00f3n,\u00a0D&#8217;Alessio tuvo que cancelar dos de los [&hellip;]<\/p>\n","protected":false},"author":2,"featured_media":212487,"comment_status":"closed","ping_status":"closed","sticky":false,"template":"","format":"standard","meta":{"footnotes":""},"categories":[12870,219],"tags":[12865,12875],"class_list":["post-212486","post","type-post","status-publish","format-standard","has-post-thumbnail","hentry","category-destacadas","category-espectaculos","tag-destacadas","tag-espectaculos"],"jetpack_featured_media_url":"https:\/\/rnoticias.com.mx\/Portal\/wp-content\/uploads\/2025\/03\/lupita-dalessio-1742602220-hq_16x9-692x360-1.png","amp_enabled":true,"_links":{"self":[{"href":"https:\/\/rnoticias.com.mx\/Portal\/wp-json\/wp\/v2\/posts\/212486","targetHints":{"allow":["GET"]}}],"collection":[{"href":"https:\/\/rnoticias.com.mx\/Portal\/wp-json\/wp\/v2\/posts"}],"about":[{"href":"https:\/\/rnoticias.com.mx\/Portal\/wp-json\/wp\/v2\/types\/post"}],"author":[{"embeddable":true,"href":"https:\/\/rnoticias.com.mx\/Portal\/wp-json\/wp\/v2\/users\/2"}],"replies":[{"embeddable":true,"href":"https:\/\/rnoticias.com.mx\/Portal\/wp-json\/wp\/v2\/comments?post=212486"}],"version-history":[{"count":1,"href":"https:\/\/rnoticias.com.mx\/Portal\/wp-json\/wp\/v2\/posts\/212486\/revisions"}],"predecessor-version":[{"id":212488,"href":"https:\/\/rnoticias.com.mx\/Portal\/wp-json\/wp\/v2\/posts\/212486\/revisions\/212488"}],"wp:featuredmedia":[{"embeddable":true,"href":"https:\/\/rnoticias.com.mx\/Portal\/wp-json\/wp\/v2\/media\/212487"}],"wp:attachment":[{"href":"https:\/\/rnoticias.com.mx\/Portal\/wp-json\/wp\/v2\/media?parent=212486"}],"wp:term":[{"taxonomy":"category","embeddable":true,"href":"https:\/\/rnoticias.com.mx\/Portal\/wp-json\/wp\/v2\/categories?post=212486"},{"taxonomy":"post_tag","embeddable":true,"href":"https:\/\/rnoticias.com.mx\/Portal\/wp-json\/wp\/v2\/tags?post=212486"}],"curies":[{"name":"wp","href":"https:\/\/api.w.org\/{rel}","templated":true}]}}