{"id":212413,"date":"2025-03-21T20:07:47","date_gmt":"2025-03-21T20:07:47","guid":{"rendered":"https:\/\/rnoticias.com.mx\/Portal\/?p=212413"},"modified":"2025-03-21T20:07:47","modified_gmt":"2025-03-21T20:07:47","slug":"gobierno-de-sonora-fortalece-formacion-de-profesionales-para-revolucionar-el-sector-agricola-utetchojoa","status":"publish","type":"post","link":"https:\/\/rnoticias.com.mx\/Portal\/2025\/03\/21\/gobierno-de-sonora-fortalece-formacion-de-profesionales-para-revolucionar-el-sector-agricola-utetchojoa\/","title":{"rendered":"Gobierno de Sonora fortalece formaci\u00f3n de profesionales para revolucionar el sector agr\u00edcola: UTEtchojoa"},"content":{"rendered":"<p>Cajeme, Sonora; 21 de marzo de 2025.- Para garantizar la formaci\u00f3n de profesionistas altamente capacitados que revolucionen el campo agr\u00edcola sonorense, la Universidad Tecnol\u00f3gica de Etchojoa (UTE) fomenta la interacci\u00f3n entre estudiantes universitarios y expertos locales, nacionales e internacionales, destac\u00f3 Jos\u00e9 F\u00e9lix G\u00f3mez Anduro.<\/p>\n<p>El rector de la UTE indic\u00f3 que alumnado de la carrera de la ingenier\u00eda en Agricultura Sustentable y Protegida, particip\u00f3 en la ExpoAgro &#8220;Recorrido del Agricultor 2025&#8221;, organizado por diversas instancias de gobierno.<\/p>\n<p>El funcionario estatal resalt\u00f3 que este tipo de encuentro son una oportunidad para que los j\u00f3venes establezcan relaciones que podr\u00edan derivar en mentor\u00edas, pasant\u00edas y ofertas de empleo, adem\u00e1s de adquirir conocimientos pr\u00e1cticos y experiencias valiosas para el desarrollo de habilidades y competencias que los futuros agr\u00f3nomos necesitar\u00e1n en su vida profesional.<\/p>\n<p>G\u00f3mez Anduro resalt\u00f3 el papel que juega la instituci\u00f3n en la educaci\u00f3n agr\u00edcola de la entidad, fomentando el aprendizaje y la innovaci\u00f3n en un sector vital para la econom\u00eda y el bienestar de la regi\u00f3n a trav\u00e9s de su oferta de estudios, la cual est\u00e1 alineada a la visi\u00f3n que promueve el gobernador Alfonso Durazo a trav\u00e9s del Plan Sonora.<\/p>\n<p>Durante el evento organizado por el Instituto Nacional de Investigaciones Forestales, Agr\u00edcolas y Pecuarias (Inifap), reiter\u00f3, los estudiantes observaron las \u00faltimas innovaciones y tecnolog\u00edas en el sector, adem\u00e1s de participar en diversas actividades que les permitieron adquirir conocimientos pr\u00e1cticos y experiencias valiosas.<\/p>\n","protected":false},"excerpt":{"rendered":"<p>Cajeme, Sonora; 21 de marzo de 2025.- Para garantizar la formaci\u00f3n de profesionistas altamente capacitados que revolucionen el campo agr\u00edcola sonorense, la Universidad Tecnol\u00f3gica de Etchojoa (UTE) fomenta la interacci\u00f3n entre estudiantes universitarios y expertos locales, nacionales e internacionales, destac\u00f3 Jos\u00e9 F\u00e9lix G\u00f3mez Anduro. El rector de la UTE indic\u00f3 que alumnado de la carrera [&hellip;]<\/p>\n","protected":false},"author":2,"featured_media":212414,"comment_status":"closed","ping_status":"closed","sticky":false,"template":"","format":"standard","meta":{"footnotes":""},"categories":[12870,174],"tags":[12865,12873],"class_list":["post-212413","post","type-post","status-publish","format-standard","has-post-thumbnail","hentry","category-destacadas","category-estatal","tag-destacadas","tag-estatal"],"jetpack_featured_media_url":"https:\/\/rnoticias.com.mx\/Portal\/wp-content\/uploads\/2025\/03\/unnamed-75.jpg","amp_enabled":true,"_links":{"self":[{"href":"https:\/\/rnoticias.com.mx\/Portal\/wp-json\/wp\/v2\/posts\/212413","targetHints":{"allow":["GET"]}}],"collection":[{"href":"https:\/\/rnoticias.com.mx\/Portal\/wp-json\/wp\/v2\/posts"}],"about":[{"href":"https:\/\/rnoticias.com.mx\/Portal\/wp-json\/wp\/v2\/types\/post"}],"author":[{"embeddable":true,"href":"https:\/\/rnoticias.com.mx\/Portal\/wp-json\/wp\/v2\/users\/2"}],"replies":[{"embeddable":true,"href":"https:\/\/rnoticias.com.mx\/Portal\/wp-json\/wp\/v2\/comments?post=212413"}],"version-history":[{"count":1,"href":"https:\/\/rnoticias.com.mx\/Portal\/wp-json\/wp\/v2\/posts\/212413\/revisions"}],"predecessor-version":[{"id":212415,"href":"https:\/\/rnoticias.com.mx\/Portal\/wp-json\/wp\/v2\/posts\/212413\/revisions\/212415"}],"wp:featuredmedia":[{"embeddable":true,"href":"https:\/\/rnoticias.com.mx\/Portal\/wp-json\/wp\/v2\/media\/212414"}],"wp:attachment":[{"href":"https:\/\/rnoticias.com.mx\/Portal\/wp-json\/wp\/v2\/media?parent=212413"}],"wp:term":[{"taxonomy":"category","embeddable":true,"href":"https:\/\/rnoticias.com.mx\/Portal\/wp-json\/wp\/v2\/categories?post=212413"},{"taxonomy":"post_tag","embeddable":true,"href":"https:\/\/rnoticias.com.mx\/Portal\/wp-json\/wp\/v2\/tags?post=212413"}],"curies":[{"name":"wp","href":"https:\/\/api.w.org\/{rel}","templated":true}]}}