{"id":212401,"date":"2025-03-21T18:01:04","date_gmt":"2025-03-21T18:01:04","guid":{"rendered":"https:\/\/rnoticias.com.mx\/Portal\/?p=212401"},"modified":"2025-03-21T18:01:04","modified_gmt":"2025-03-21T18:01:04","slug":"abogado-de-gerardo-ortiz-dice-que-el-cantante-no-se-ha-declarado-culpable","status":"publish","type":"post","link":"https:\/\/rnoticias.com.mx\/Portal\/2025\/03\/21\/abogado-de-gerardo-ortiz-dice-que-el-cantante-no-se-ha-declarado-culpable\/","title":{"rendered":"Abogado de Gerardo Ortiz dice que el cantante no se ha declarado culpable"},"content":{"rendered":"<p>Luego de que se acusara a Gerardo Ortiz de haber colaborado con empresas vinculadas con organizaciones delictivas, su abogado, Mark J. Werksman, sali\u00f3 en su defensa.<\/p>\n<p><mark><strong>El litigante estadounidense asegur\u00f3 que Gerardo Ortiz, originario de Pasadena, California, no se ha declarado culpable de los delitos que le atribuyen.<\/strong><\/mark><\/p>\n<p>Cabe se\u00f1alar que las autoridades acusan que \u00c1ngel del Villar fue representante de Gerardo Ortiz, y es due\u00f1o de la compa\u00f1\u00eda Del Records, quien a su vez, se ali\u00f3 a Jes\u00fas P\u00e9rez Alvear, a quien el gobierno estadounidense lo ubic\u00f3 con nexos con el C\u00e1rtel Nueva Generaci\u00f3n.<\/p>\n<p><mark><strong>&#8220;El Sr. Ortiz es testigo en este juicio y ha declarado verazmente sobre sus presentaciones en conciertos en M\u00e9xico pactados por promotores con los que la Oficina de Control de Activos Extranjeros ha prohibido a los estadounidenses hacer negocios&#8221;<\/strong><\/mark>, dijo Mark.<\/p>\n<p>El juicio en donde est\u00e1n asentadas acusaciones en contra de \u00c1ngel de Villar inici\u00f3 en 2022, y de acuerdo con el abogado del artista, Gerardo Ortiz, solo es testigo.<\/p>\n","protected":false},"excerpt":{"rendered":"<p>Luego de que se acusara a Gerardo Ortiz de haber colaborado con empresas vinculadas con organizaciones delictivas, su abogado, Mark J. Werksman, sali\u00f3 en su defensa. El litigante estadounidense asegur\u00f3 que Gerardo Ortiz, originario de Pasadena, California, no se ha declarado culpable de los delitos que le atribuyen. Cabe se\u00f1alar que las autoridades acusan que [&hellip;]<\/p>\n","protected":false},"author":2,"featured_media":212402,"comment_status":"closed","ping_status":"closed","sticky":false,"template":"","format":"standard","meta":{"footnotes":""},"categories":[12870,219],"tags":[12865,12875],"class_list":["post-212401","post","type-post","status-publish","format-standard","has-post-thumbnail","hentry","category-destacadas","category-espectaculos","tag-destacadas","tag-espectaculos"],"jetpack_featured_media_url":"https:\/\/rnoticias.com.mx\/Portal\/wp-content\/uploads\/2025\/03\/02b187e284d05d889f47ec6cb03bfe67.jpg","amp_enabled":true,"_links":{"self":[{"href":"https:\/\/rnoticias.com.mx\/Portal\/wp-json\/wp\/v2\/posts\/212401","targetHints":{"allow":["GET"]}}],"collection":[{"href":"https:\/\/rnoticias.com.mx\/Portal\/wp-json\/wp\/v2\/posts"}],"about":[{"href":"https:\/\/rnoticias.com.mx\/Portal\/wp-json\/wp\/v2\/types\/post"}],"author":[{"embeddable":true,"href":"https:\/\/rnoticias.com.mx\/Portal\/wp-json\/wp\/v2\/users\/2"}],"replies":[{"embeddable":true,"href":"https:\/\/rnoticias.com.mx\/Portal\/wp-json\/wp\/v2\/comments?post=212401"}],"version-history":[{"count":1,"href":"https:\/\/rnoticias.com.mx\/Portal\/wp-json\/wp\/v2\/posts\/212401\/revisions"}],"predecessor-version":[{"id":212403,"href":"https:\/\/rnoticias.com.mx\/Portal\/wp-json\/wp\/v2\/posts\/212401\/revisions\/212403"}],"wp:featuredmedia":[{"embeddable":true,"href":"https:\/\/rnoticias.com.mx\/Portal\/wp-json\/wp\/v2\/media\/212402"}],"wp:attachment":[{"href":"https:\/\/rnoticias.com.mx\/Portal\/wp-json\/wp\/v2\/media?parent=212401"}],"wp:term":[{"taxonomy":"category","embeddable":true,"href":"https:\/\/rnoticias.com.mx\/Portal\/wp-json\/wp\/v2\/categories?post=212401"},{"taxonomy":"post_tag","embeddable":true,"href":"https:\/\/rnoticias.com.mx\/Portal\/wp-json\/wp\/v2\/tags?post=212401"}],"curies":[{"name":"wp","href":"https:\/\/api.w.org\/{rel}","templated":true}]}}