{"id":212395,"date":"2025-03-21T17:57:36","date_gmt":"2025-03-21T17:57:36","guid":{"rendered":"https:\/\/rnoticias.com.mx\/Portal\/?p=212395"},"modified":"2025-03-21T17:57:36","modified_gmt":"2025-03-21T17:57:36","slug":"america-puede-ir-al-mundial-de-clubes","status":"publish","type":"post","link":"https:\/\/rnoticias.com.mx\/Portal\/2025\/03\/21\/america-puede-ir-al-mundial-de-clubes\/","title":{"rendered":"\u00bfAm\u00e9rica puede ir al Mundial de Clubes?"},"content":{"rendered":"<p>Ante la notificaci\u00f3n de la FIFA de que Le\u00f3n o Pachuca no ir\u00e1n al Mundial de Clubes por pertenecer al mismo due\u00f1o, salta a la vista la pregunta\u2026\u00a0<strong>\u00bfQu\u00e9 equipo ir\u00e1 en lugar de los clubes mexicanos?<\/strong><\/p>\n<p>Por ahora hay muchas especulaciones, cuestiones que hablan que por ranking de la FIFA el\u00a0<strong>club Am\u00e9rica<\/strong>\u00a0ser\u00eda el que ocupar\u00eda su lugar\u2026 Pero hay otros equipos que alzan la mano.<\/p>\n<p>El Alajuelense de Costa Rica tambi\u00e9n ha reclamado su lugar en la justa que se realizar\u00e1 a mediados del a\u00f1o, tambi\u00e9n con base en el ranking.<\/p>\n<p>El cuadro tico no se qued\u00f3 con los brazos cruzados y meti\u00f3 una demanda a la FIFA pero al no obtener respuesta se fue directamente TAS (Tribunal de Arbitraje Deportivo) y espera una respuesta a m\u00e1s tardar el pr\u00f3ximo mes.<\/p>\n<p>El cuadro de los Tigres tambi\u00e9n ha alzado las manos y reclamado derechos. Por su parte,\u00a0<strong>Vancouver Whitecaps\u00a0<\/strong>tambi\u00e9n podr\u00eda aparecer como uno de los candidatos a tomar el lugar de la Fiera.<\/p>\n<p>&nbsp;<\/p>\n<p>Le\u00f3n el sacrificado<\/p>\n<p>El equipo sacrificado de Grupo Pachuca para no ir al Mundial de Clubes ser\u00e1 el Le\u00f3n, mencion\u00f3 la FIFA.<br \/>\nEsto es un grave problema para el equipo de Jes\u00fas Martinez Jr. quien contrat\u00f3 a la estrella colombiana James Rodr\u00edguez y sac\u00f3 del retiro a Andr\u00e9s Guardado para que ambos acudieran a ese torneo.<\/p>\n<p>Le\u00f3n estaba ubicado en el Grupo D y se supone que jugar\u00eda con Flamengo de Brasil, el Esperance de T\u00fanez y Chelsea de Inglaterra.<\/p>\n<p>&nbsp;<\/p>\n<p>El Universal<\/p>\n<div class=\"stream-item stream-item-in-post stream-item-inline-post aligncenter\">\n<div class=\"stream-item-size\"><\/div>\n<\/div>\n","protected":false},"excerpt":{"rendered":"<p>Ante la notificaci\u00f3n de la FIFA de que Le\u00f3n o Pachuca no ir\u00e1n al Mundial de Clubes por pertenecer al mismo due\u00f1o, salta a la vista la pregunta\u2026\u00a0\u00bfQu\u00e9 equipo ir\u00e1 en lugar de los clubes mexicanos? Por ahora hay muchas especulaciones, cuestiones que hablan que por ranking de la FIFA el\u00a0club Am\u00e9rica\u00a0ser\u00eda el que ocupar\u00eda [&hellip;]<\/p>\n","protected":false},"author":2,"featured_media":212396,"comment_status":"closed","ping_status":"closed","sticky":false,"template":"","format":"standard","meta":{"footnotes":""},"categories":[188,12870],"tags":[5231,12865],"class_list":["post-212395","post","type-post","status-publish","format-standard","has-post-thumbnail","hentry","category-deportes","category-destacadas","tag-deportes","tag-destacadas"],"jetpack_featured_media_url":"https:\/\/rnoticias.com.mx\/Portal\/wp-content\/uploads\/2025\/03\/flayer-mundial-de-clubes-tomado-de-fifa-1730928619-hq.webp","amp_enabled":true,"_links":{"self":[{"href":"https:\/\/rnoticias.com.mx\/Portal\/wp-json\/wp\/v2\/posts\/212395","targetHints":{"allow":["GET"]}}],"collection":[{"href":"https:\/\/rnoticias.com.mx\/Portal\/wp-json\/wp\/v2\/posts"}],"about":[{"href":"https:\/\/rnoticias.com.mx\/Portal\/wp-json\/wp\/v2\/types\/post"}],"author":[{"embeddable":true,"href":"https:\/\/rnoticias.com.mx\/Portal\/wp-json\/wp\/v2\/users\/2"}],"replies":[{"embeddable":true,"href":"https:\/\/rnoticias.com.mx\/Portal\/wp-json\/wp\/v2\/comments?post=212395"}],"version-history":[{"count":1,"href":"https:\/\/rnoticias.com.mx\/Portal\/wp-json\/wp\/v2\/posts\/212395\/revisions"}],"predecessor-version":[{"id":212397,"href":"https:\/\/rnoticias.com.mx\/Portal\/wp-json\/wp\/v2\/posts\/212395\/revisions\/212397"}],"wp:featuredmedia":[{"embeddable":true,"href":"https:\/\/rnoticias.com.mx\/Portal\/wp-json\/wp\/v2\/media\/212396"}],"wp:attachment":[{"href":"https:\/\/rnoticias.com.mx\/Portal\/wp-json\/wp\/v2\/media?parent=212395"}],"wp:term":[{"taxonomy":"category","embeddable":true,"href":"https:\/\/rnoticias.com.mx\/Portal\/wp-json\/wp\/v2\/categories?post=212395"},{"taxonomy":"post_tag","embeddable":true,"href":"https:\/\/rnoticias.com.mx\/Portal\/wp-json\/wp\/v2\/tags?post=212395"}],"curies":[{"name":"wp","href":"https:\/\/api.w.org\/{rel}","templated":true}]}}