{"id":212392,"date":"2025-03-21T17:54:44","date_gmt":"2025-03-21T17:54:44","guid":{"rendered":"https:\/\/rnoticias.com.mx\/Portal\/?p=212392"},"modified":"2025-03-21T17:54:44","modified_gmt":"2025-03-21T17:54:44","slug":"trump-no-quiero-autos-de-canada-o-mexico","status":"publish","type":"post","link":"https:\/\/rnoticias.com.mx\/Portal\/2025\/03\/21\/trump-no-quiero-autos-de-canada-o-mexico\/","title":{"rendered":"Trump: no quiero autos de Canad\u00e1 o M\u00e9xico"},"content":{"rendered":"<p>El presidente estadounidense Donald Trump declar\u00f3 en la Casa Blanca que\u00a0<strong><em>\u201cno quiero autos de Canad\u00e1 o M\u00e9xico (\u2026) Quiero que las empresas automotrices construyan aqu\u00ed\u201d.<\/em><\/strong><\/p>\n<p>Durante una conferencia, junto con el secretario de Defensa, Pete Hegseth, el mandatario mencion\u00f3 que\u00a0<strong><em>\u201c4 billones de d\u00f3lares est\u00e1n llegando de las compa\u00f1\u00edas automotrices. Iban a estar en M\u00e9xico o Canad\u00e1, y ahora construyen aqu\u00ed\u201d.<\/em><\/strong><\/p>\n<p>El presidente dijo que<strong><em>\u00a0\u201cestaban construyendo plantas en M\u00e9xico, realmente grandes, e iban a vender los autos al otro lado de la frontera. Lo \u00fanico que tenemos es desempleo y f\u00e1bricas vac\u00edas. Esos d\u00edas se acabaron\u201d.<\/em><\/strong><\/p>\n<p>A\u00f1adi\u00f3 que Honda construir\u00e1 en Indiana,<strong><em>\u00a0\u201cun gran estado y un lugar muy inteligente para construir\u201d,\u00a0<\/em><\/strong>y dijo que<strong><em>\u00a0\u201ctenemos muchas compa\u00f1\u00edas automotrices que vienen aqu\u00ed\u201d.<\/em><\/strong><\/p>\n<p>En la\u00a0<strong>conferencia\u00a0<\/strong>anunci\u00f3 un programa de aviones de combate F-47 de sexta generaci\u00f3n, que ser\u00e1n fabricados por Boeing.<\/p>\n<p>&nbsp;<\/p>\n<p>El Universal<\/p>\n","protected":false},"excerpt":{"rendered":"<p>El presidente estadounidense Donald Trump declar\u00f3 en la Casa Blanca que\u00a0\u201cno quiero autos de Canad\u00e1 o M\u00e9xico (\u2026) Quiero que las empresas automotrices construyan aqu\u00ed\u201d. Durante una conferencia, junto con el secretario de Defensa, Pete Hegseth, el mandatario mencion\u00f3 que\u00a0\u201c4 billones de d\u00f3lares est\u00e1n llegando de las compa\u00f1\u00edas automotrices. Iban a estar en M\u00e9xico o [&hellip;]<\/p>\n","protected":false},"author":2,"featured_media":212393,"comment_status":"closed","ping_status":"closed","sticky":false,"template":"","format":"standard","meta":{"footnotes":""},"categories":[12870,182],"tags":[12865,12871],"class_list":["post-212392","post","type-post","status-publish","format-standard","has-post-thumbnail","hentry","category-destacadas","category-internacional","tag-destacadas","tag-internacional"],"jetpack_featured_media_url":"https:\/\/rnoticias.com.mx\/Portal\/wp-content\/uploads\/2025\/03\/trump-5.jpg","amp_enabled":true,"_links":{"self":[{"href":"https:\/\/rnoticias.com.mx\/Portal\/wp-json\/wp\/v2\/posts\/212392","targetHints":{"allow":["GET"]}}],"collection":[{"href":"https:\/\/rnoticias.com.mx\/Portal\/wp-json\/wp\/v2\/posts"}],"about":[{"href":"https:\/\/rnoticias.com.mx\/Portal\/wp-json\/wp\/v2\/types\/post"}],"author":[{"embeddable":true,"href":"https:\/\/rnoticias.com.mx\/Portal\/wp-json\/wp\/v2\/users\/2"}],"replies":[{"embeddable":true,"href":"https:\/\/rnoticias.com.mx\/Portal\/wp-json\/wp\/v2\/comments?post=212392"}],"version-history":[{"count":1,"href":"https:\/\/rnoticias.com.mx\/Portal\/wp-json\/wp\/v2\/posts\/212392\/revisions"}],"predecessor-version":[{"id":212394,"href":"https:\/\/rnoticias.com.mx\/Portal\/wp-json\/wp\/v2\/posts\/212392\/revisions\/212394"}],"wp:featuredmedia":[{"embeddable":true,"href":"https:\/\/rnoticias.com.mx\/Portal\/wp-json\/wp\/v2\/media\/212393"}],"wp:attachment":[{"href":"https:\/\/rnoticias.com.mx\/Portal\/wp-json\/wp\/v2\/media?parent=212392"}],"wp:term":[{"taxonomy":"category","embeddable":true,"href":"https:\/\/rnoticias.com.mx\/Portal\/wp-json\/wp\/v2\/categories?post=212392"},{"taxonomy":"post_tag","embeddable":true,"href":"https:\/\/rnoticias.com.mx\/Portal\/wp-json\/wp\/v2\/tags?post=212392"}],"curies":[{"name":"wp","href":"https:\/\/api.w.org\/{rel}","templated":true}]}}