{"id":212341,"date":"2025-03-21T15:44:40","date_gmt":"2025-03-21T15:44:40","guid":{"rendered":"https:\/\/rnoticias.com.mx\/Portal\/?p=212341"},"modified":"2025-03-21T15:44:40","modified_gmt":"2025-03-21T15:44:40","slug":"justicia-de-ny-anula-una-ley-a-favor-del-derecho-al-voto-para-los-inmigrantes","status":"publish","type":"post","link":"https:\/\/rnoticias.com.mx\/Portal\/2025\/03\/21\/justicia-de-ny-anula-una-ley-a-favor-del-derecho-al-voto-para-los-inmigrantes\/","title":{"rendered":"Justicia de NY anula una ley a favor del derecho al voto para los inmigrantes"},"content":{"rendered":"<p>Este jueves 20 de marzo, el\u00a0<mark><strong>juzgado m\u00e1s alto del Estado de Nueva York, el Tribunal de Apelaciones, anul\u00f3 una ley de la ciudad que permit\u00eda a migrantes que tienen residencia legal votar en las elecciones municipales<\/strong><\/mark>.<\/p>\n<p>Unos\u00a0<strong>800.000 residentes permanentes<\/strong>, que sean\u00a0<mark><strong>propietarios de la \u2018Green Card\u2019<\/strong><\/mark>, en ingl\u00e9s, o los que son llamados &#8216;<mark><strong>dreamers<\/strong><\/mark>&#8216; \u2014<strong>beneficiarios del programa de Acci\u00f3n Diferida para los Llegados en la Infancia (DACA)<\/strong>\u00a0a Estados Unidos\u2014 pod\u00edan votar gracias a la\u00a0<mark><strong>ley 11<\/strong><\/mark>. Estos inmigrantes pod\u00edan\u00a0<mark><strong>votar para elegir al alcalde y otros cargos municipales<\/strong><\/mark>.<\/p>\n<p>En\u00a0<strong>diciembre 2021<\/strong>, el\u00a0<strong>Concejo de la ciudad<\/strong>, de mayor\u00eda\u00a0<strong>dem\u00f3crata<\/strong>,\u00a0<mark><strong>aprob\u00f3 la ley<\/strong><\/mark>, pero poco tiempo despu\u00e9s, en\u00a0<strong>enero de 2022<\/strong>, esta misma\u00a0<mark><strong>ley fue impugnada por republicanos en la Corte Suprema del estado<\/strong><\/mark>, donde un\u00a0<mark><strong>juez la consider\u00f3 &#8220;inconstitucional&#8221;<\/strong><\/mark>.<\/p>\n<p>Frente al\u00a0<strong>Tribunal de Apelaciones<\/strong>, la organizaci\u00f3n\u00a0<strong>Latino Justice PRLDEF<\/strong>\u00a0que era la representante de los que\u00a0<mark><strong>estaban a favor de la ley<\/strong><\/mark>, pidi\u00f3 un nuevo juicio. Pero, la\u00a0<mark><strong>Corte Suprema decidi\u00f3 hoy con seis votos en contra y solo uno a favor de anular esta ley<\/strong><\/mark>.<\/p>\n<p>En su decisi\u00f3n, los jueces se\u00f1alan que &#8220;<mark><strong>la Constituci\u00f3n de Nueva York, tal como est\u00e1 hoy, establece una l\u00ednea firme que restringe el voto a los ciudadanos<\/strong><\/mark>&#8220;.<\/p>\n<p>Para Latino Justice, el\u00a0<mark><strong>fallo del tribunal &#8220;es un rev\u00e9s terrible para nuestras comunidades inmigrantes que contribuyen al bienestar de la ciudad&#8221;<\/strong><\/mark>.<\/p>\n<p>&#8220;Lamentablemente,\u00a0<strong>esta decisi\u00f3n se alinea con los deseos de aquellos que en este momento est\u00e1n persiguiendo a los inmigrantes<\/strong>\u00a0y\u00a0<mark><strong>quieren borrar su influencia y presencia en nuestra sociedad<\/strong><\/mark>, y\u00a0<mark><strong>refuerza las barreras<\/strong><\/mark>\u00a0que\u00a0<mark><strong>les privan activamente de oportunidades de representaci\u00f3n, protecci\u00f3n e inclusi\u00f3n<\/strong><\/mark>&#8220;, indic\u00f3 el abogado C\u00e9sar Ruiz.<\/p>\n<p>Por su parte, el republicano\u00a0<strong>Vito Fossella<\/strong>, presidente del condado de Staten Island, que\u00a0<strong>lider\u00f3 la impugnaci\u00f3n<\/strong>, afirm\u00f3 que\u00a0<mark><strong>la decisi\u00f3n de los jueces &#8220;es una victoria para el sentido com\u00fan y la santidad y seguridad de nuestro sufragio: el derecho a votar como ciudadanos&#8221;<\/strong><\/mark>.<\/p>\n<p>&#8220;<strong>Nos complace que este asunto pueda finalmente resolverse, de una vez por todas<\/strong>&#8220;, expres\u00f3.<\/p>\n<p>Mientras que la\u00a0<strong>Coalici\u00f3n de Inmigraci\u00f3n<\/strong>\u00a0destac\u00f3 que cerca del mill\u00f3n de neoyorquinos a los que\u00a0<mark><strong>la Ley 11 les concedi\u00f3 el derecho a votar &#8220;pagan impuestos, poseen negocios, realizan trabajos esenciales y contribuyen a sus comunidades&#8221;<\/strong><\/mark>.<\/p>\n<p>El director ejecutivo de la Coalici\u00f3n,\u00a0<strong>Murad Awawdeh<\/strong>, afirm\u00f3 que la\u00a0<mark><strong>decisi\u00f3n &#8220;supone un rev\u00e9s devastador&#8221;<\/strong><\/mark>\u00a0para\u00a0<mark><strong>el derecho al voto &#8220;y priva de derechos a las comunidades que ayudan a mantener el funcionamiento de la ciudad&#8221;<\/strong><\/mark>.<\/p>\n","protected":false},"excerpt":{"rendered":"<p>Este jueves 20 de marzo, el\u00a0juzgado m\u00e1s alto del Estado de Nueva York, el Tribunal de Apelaciones, anul\u00f3 una ley de la ciudad que permit\u00eda a migrantes que tienen residencia legal votar en las elecciones municipales. Unos\u00a0800.000 residentes permanentes, que sean\u00a0propietarios de la \u2018Green Card\u2019, en ingl\u00e9s, o los que son llamados &#8216;dreamers&#8216; \u2014beneficiarios del [&hellip;]<\/p>\n","protected":false},"author":2,"featured_media":212342,"comment_status":"closed","ping_status":"closed","sticky":false,"template":"","format":"standard","meta":{"footnotes":""},"categories":[12870,182],"tags":[12865,12871],"class_list":["post-212341","post","type-post","status-publish","format-standard","has-post-thumbnail","hentry","category-destacadas","category-internacional","tag-destacadas","tag-internacional"],"jetpack_featured_media_url":"https:\/\/rnoticias.com.mx\/Portal\/wp-content\/uploads\/2025\/03\/7946fe0df63fe21fd433e01f926011f5.jpg","amp_enabled":true,"_links":{"self":[{"href":"https:\/\/rnoticias.com.mx\/Portal\/wp-json\/wp\/v2\/posts\/212341","targetHints":{"allow":["GET"]}}],"collection":[{"href":"https:\/\/rnoticias.com.mx\/Portal\/wp-json\/wp\/v2\/posts"}],"about":[{"href":"https:\/\/rnoticias.com.mx\/Portal\/wp-json\/wp\/v2\/types\/post"}],"author":[{"embeddable":true,"href":"https:\/\/rnoticias.com.mx\/Portal\/wp-json\/wp\/v2\/users\/2"}],"replies":[{"embeddable":true,"href":"https:\/\/rnoticias.com.mx\/Portal\/wp-json\/wp\/v2\/comments?post=212341"}],"version-history":[{"count":1,"href":"https:\/\/rnoticias.com.mx\/Portal\/wp-json\/wp\/v2\/posts\/212341\/revisions"}],"predecessor-version":[{"id":212343,"href":"https:\/\/rnoticias.com.mx\/Portal\/wp-json\/wp\/v2\/posts\/212341\/revisions\/212343"}],"wp:featuredmedia":[{"embeddable":true,"href":"https:\/\/rnoticias.com.mx\/Portal\/wp-json\/wp\/v2\/media\/212342"}],"wp:attachment":[{"href":"https:\/\/rnoticias.com.mx\/Portal\/wp-json\/wp\/v2\/media?parent=212341"}],"wp:term":[{"taxonomy":"category","embeddable":true,"href":"https:\/\/rnoticias.com.mx\/Portal\/wp-json\/wp\/v2\/categories?post=212341"},{"taxonomy":"post_tag","embeddable":true,"href":"https:\/\/rnoticias.com.mx\/Portal\/wp-json\/wp\/v2\/tags?post=212341"}],"curies":[{"name":"wp","href":"https:\/\/api.w.org\/{rel}","templated":true}]}}