{"id":212338,"date":"2025-03-21T15:42:44","date_gmt":"2025-03-21T15:42:44","guid":{"rendered":"https:\/\/rnoticias.com.mx\/Portal\/?p=212338"},"modified":"2025-03-21T15:42:44","modified_gmt":"2025-03-21T15:42:44","slug":"morena-revienta-sesion-en-el-senado-de-la-republica","status":"publish","type":"post","link":"https:\/\/rnoticias.com.mx\/Portal\/2025\/03\/21\/morena-revienta-sesion-en-el-senado-de-la-republica\/","title":{"rendered":"Morena revienta sesi\u00f3n en el Senado de la Rep\u00fablica"},"content":{"rendered":"<p>La sesi\u00f3n ordinaria del Senado de la Rep\u00fablica concluy\u00f3 sin\u00a0quorum\u00a0ante el vac\u00edo de Morena cuando la oposici\u00f3n debat\u00eda el caso\u00a0Teuchitl\u00e1n\u00a0y exig\u00eda la intervenci\u00f3n de la Comisi\u00f3n Interamericana de Derechos Humanos (CIDH).<\/p>\n<p>El coordinador de Morena, Ad\u00e1n Augusto dio la orden a sus bancadas aliadas y a la presidenta de la Mesa Directiva del Senado, Imelda Castro, romper el quorum e\u00a0<strong>impedir el debate que planteaba la oposici\u00f3n acerca del campo de entrenamiento del crimen organizado en Jalisco<\/strong>.<\/p>\n<p>En tribuna,\u00a0<strong>el senador del PAN, Marko Cort\u00e9s<\/strong>, propuso que un punto de acuerdo de urgente y obvia resoluci\u00f3n para que la titular del Poder Ejecutivo Federal promover un acuerdo con la Organizaci\u00f3n de los Estados Americanos y CIDH para la\u00a0<strong>implementaci\u00f3n de un Grupo de Investigaci\u00f3n Interdisciplinario Independiente en el Rancho Izaguirre<\/strong>.<\/p>\n<p>Sin embargo, morenistas, verdes y petistas abandonaron el sal\u00f3n de plenos luego de que Ad\u00e1n Augusto L\u00f3pez subi\u00f3 a la presidencia de la Mesa Directiva a dar instrucciones y de inmediato y la secretaria de la Mesa Directiva, Ver\u00f3nica Camino, de Morena, pidi\u00f3 la rectificaci\u00f3n del quorum.<\/p>\n","protected":false},"excerpt":{"rendered":"<p>La sesi\u00f3n ordinaria del Senado de la Rep\u00fablica concluy\u00f3 sin\u00a0quorum\u00a0ante el vac\u00edo de Morena cuando la oposici\u00f3n debat\u00eda el caso\u00a0Teuchitl\u00e1n\u00a0y exig\u00eda la intervenci\u00f3n de la Comisi\u00f3n Interamericana de Derechos Humanos (CIDH). El coordinador de Morena, Ad\u00e1n Augusto dio la orden a sus bancadas aliadas y a la presidenta de la Mesa Directiva del Senado, Imelda [&hellip;]<\/p>\n","protected":false},"author":2,"featured_media":212339,"comment_status":"closed","ping_status":"closed","sticky":false,"template":"","format":"standard","meta":{"footnotes":""},"categories":[12870,172],"tags":[12865,12874],"class_list":["post-212338","post","type-post","status-publish","format-standard","has-post-thumbnail","hentry","category-destacadas","category-nacional","tag-destacadas","tag-nacional"],"jetpack_featured_media_url":"https:\/\/rnoticias.com.mx\/Portal\/wp-content\/uploads\/2025\/03\/9024.webp","amp_enabled":true,"_links":{"self":[{"href":"https:\/\/rnoticias.com.mx\/Portal\/wp-json\/wp\/v2\/posts\/212338","targetHints":{"allow":["GET"]}}],"collection":[{"href":"https:\/\/rnoticias.com.mx\/Portal\/wp-json\/wp\/v2\/posts"}],"about":[{"href":"https:\/\/rnoticias.com.mx\/Portal\/wp-json\/wp\/v2\/types\/post"}],"author":[{"embeddable":true,"href":"https:\/\/rnoticias.com.mx\/Portal\/wp-json\/wp\/v2\/users\/2"}],"replies":[{"embeddable":true,"href":"https:\/\/rnoticias.com.mx\/Portal\/wp-json\/wp\/v2\/comments?post=212338"}],"version-history":[{"count":1,"href":"https:\/\/rnoticias.com.mx\/Portal\/wp-json\/wp\/v2\/posts\/212338\/revisions"}],"predecessor-version":[{"id":212340,"href":"https:\/\/rnoticias.com.mx\/Portal\/wp-json\/wp\/v2\/posts\/212338\/revisions\/212340"}],"wp:featuredmedia":[{"embeddable":true,"href":"https:\/\/rnoticias.com.mx\/Portal\/wp-json\/wp\/v2\/media\/212339"}],"wp:attachment":[{"href":"https:\/\/rnoticias.com.mx\/Portal\/wp-json\/wp\/v2\/media?parent=212338"}],"wp:term":[{"taxonomy":"category","embeddable":true,"href":"https:\/\/rnoticias.com.mx\/Portal\/wp-json\/wp\/v2\/categories?post=212338"},{"taxonomy":"post_tag","embeddable":true,"href":"https:\/\/rnoticias.com.mx\/Portal\/wp-json\/wp\/v2\/tags?post=212338"}],"curies":[{"name":"wp","href":"https:\/\/api.w.org\/{rel}","templated":true}]}}