{"id":212268,"date":"2025-03-20T20:54:47","date_gmt":"2025-03-20T20:54:47","guid":{"rendered":"https:\/\/rnoticias.com.mx\/Portal\/?p=212268"},"modified":"2025-03-20T20:54:47","modified_gmt":"2025-03-20T20:54:47","slug":"determina-ine-topes-de-gastos-de-campana-de-las-candidaturas-del-peepjf-2024-2025","status":"publish","type":"post","link":"https:\/\/rnoticias.com.mx\/Portal\/2025\/03\/20\/determina-ine-topes-de-gastos-de-campana-de-las-candidaturas-del-peepjf-2024-2025\/","title":{"rendered":"Determina INE topes de gastos de campa\u00f1a de las candidaturas del PEEPJF 2024-2025"},"content":{"rendered":"<p class=\"x_MsoNormal\"><span data-olk-copy-source=\"MessageBody\">El Consejo General del Instituto Nacional Electoral (INE) determin\u00f3 los topes de gastos personales de campa\u00f1a de las candidaturas que participar\u00e1n en el Proceso Electoral Extraordinario para la elecci\u00f3n de diversos cargos del Poder Judicial de la Federaci\u00f3n (PEEPJF) 2024-2025, en acatamiento a la sentencia dictada por la Sala Superior del Tribunal Electoral del Poder Judicial de la Federaci\u00f3n (TEPJF).<\/span><\/p>\n<p class=\"x_MsoNormal\" aria-hidden=\"true\">\n<p class=\"x_MsoNormal\">En ese sentido, se fijaron cuatro distintos topes de gastos en funci\u00f3n del tipo de elecci\u00f3n, de acuerdo con las caracter\u00edsticas y peculiaridades del presente proceso electoral extraordinario, como se muestra a continuaci\u00f3n:<\/p>\n<p class=\"x_MsoNormal\"><b>\u00a0<\/b><\/p>\n<p class=\"x_MsoNormal\" aria-hidden=\"true\">\n<table class=\"x_MsoNormalTable\" border=\"0\" width=\"595\" cellspacing=\"0\" cellpadding=\"0\" align=\"left\">\n<thead>\n<tr>\n<td width=\"132\">\n<p class=\"x_MsoNormal\" align=\"center\"><b>\u00c1mbito de elecci\u00f3n<\/b><\/p>\n<\/td>\n<td width=\"198\">\n<p class=\"x_MsoNormal\" align=\"center\"><b>\u00d3rgano<\/b><\/p>\n<\/td>\n<td width=\"151\">\n<p class=\"x_MsoNormal\" align=\"center\"><b>Cargo<\/b><\/p>\n<\/td>\n<td width=\"113\">\n<p class=\"x_MsoNormal\" align=\"center\"><b>Topes de gastos personales de campa\u00f1a<\/b><\/p>\n<\/td>\n<\/tr>\n<\/thead>\n<tbody>\n<tr>\n<td rowspan=\"3\" width=\"132\">\n<p class=\"x_MsoNormal\">Nacional<\/p>\n<\/td>\n<td width=\"198\">\n<p class=\"x_MsoNormal\">Suprema Corte de Justicia de la Naci\u00f3n<\/p>\n<\/td>\n<td width=\"151\">\n<p class=\"x_MsoNormal\">Ministra o<\/p>\n<p class=\"x_MsoNormal\">Ministro<\/p>\n<\/td>\n<td rowspan=\"3\" width=\"113\">\n<p class=\"x_MsoNormal\"><span lang=\"ES\">\u00a0<\/span><\/p>\n<p class=\"x_MsoNormal\"><span lang=\"ES\">$1,468,841.33<\/span><\/p>\n<p class=\"x_MsoNormal\"><span lang=\"ES\">\u00a0<\/span><\/p>\n<\/td>\n<\/tr>\n<tr>\n<td width=\"198\">\n<p class=\"x_MsoNormal\">Tribunal de Disciplina Judicial<\/p>\n<\/td>\n<td width=\"151\">\n<p class=\"x_MsoNormal\">Integrantes<\/p>\n<\/td>\n<\/tr>\n<tr>\n<td width=\"198\">\n<p class=\"x_MsoNormal\">Sala Superior del TEPJF<\/p>\n<\/td>\n<td width=\"151\">\n<p class=\"x_MsoNormal\">Magistratura<\/p>\n<\/td>\n<\/tr>\n<tr>\n<td width=\"132\">\n<p class=\"x_MsoNormal\"><a id=\"LPlnk665357\" name=\"x__Hlk193364791\"><\/a>Circunscripci\u00f3n plurinominal<\/p>\n<\/td>\n<td width=\"198\">\n<p class=\"x_MsoNormal\">Sala Regional del TEPJF<\/p>\n<\/td>\n<td width=\"151\">\n<p class=\"x_MsoNormal\">Magistratura<\/p>\n<\/td>\n<td width=\"113\">\n<p class=\"x_MsoNormal\"><span lang=\"ES\">\u00a0<\/span><\/p>\n<p class=\"x_MsoNormal\"><span lang=\"ES\">$881,304.80<\/span><\/p>\n<\/td>\n<\/tr>\n<tr>\n<td width=\"132\">\n<p class=\"x_MsoNormal\">Circuito Judicial<\/p>\n<\/td>\n<td width=\"198\">\n<p class=\"x_MsoNormal\">Tribunal Colegiado de Circuito y de Apelaci\u00f3n<\/p>\n<\/td>\n<td width=\"151\">\n<p class=\"x_MsoNormal\">Magistratura<\/p>\n<\/td>\n<td width=\"113\">\n<p class=\"x_MsoNormal\"><span lang=\"ES\">$413,111.63<\/span><\/p>\n<\/td>\n<\/tr>\n<tr>\n<td width=\"132\">\n<p class=\"x_MsoNormal\">Distrito Judicial<\/p>\n<\/td>\n<td width=\"198\">\n<p class=\"x_MsoNormal\">Juzgado de Distrito<\/p>\n<\/td>\n<td width=\"151\">\n<p class=\"x_MsoNormal\">Jueza o juez<\/p>\n<\/td>\n<td width=\"113\">\n<p class=\"x_MsoNormal\"><span lang=\"ES\">$220,326.20<\/span><\/p>\n<\/td>\n<\/tr>\n<\/tbody>\n<\/table>\n<p class=\"x_MsoNormal\" aria-hidden=\"true\">\n<p class=\"x_MsoNormal\" aria-hidden=\"true\">\n<p class=\"x_MsoNormal\" aria-hidden=\"true\">\n<p class=\"x_MsoNormal\" aria-hidden=\"true\">\n<p class=\"x_MsoNormal\" aria-hidden=\"true\">\n<p class=\"x_MsoNormal\" aria-hidden=\"true\">\n<p class=\"x_MsoNormal\" aria-hidden=\"true\">\n<p class=\"x_MsoNormal\" aria-hidden=\"true\">\n<p class=\"x_MsoNormal\" aria-hidden=\"true\">\n<p class=\"x_MsoNormal\" aria-hidden=\"true\">\n<p class=\"x_MsoNormal\" aria-hidden=\"true\">\n<p class=\"x_MsoNormal\" aria-hidden=\"true\">\n<p class=\"x_MsoNormal\" aria-hidden=\"true\">\n<p class=\"x_MsoNormal\" aria-hidden=\"true\">\n<p class=\"x_MsoNormal\" aria-hidden=\"true\">\n<p class=\"x_MsoNormal\">Para calcular estos topes de gastos personales de campa\u00f1a se utiliz\u00f3 como base el equivalente al l\u00edmite de aportaciones en lo individual para una candidatura independiente a una diputaci\u00f3n federal.<\/p>\n<p class=\"x_MsoNormal\">\n<p class=\"x_MsoNormal\">Asimismo, el Instituto tom\u00f3 en cuenta los elementos que diferencian el tipo de elecci\u00f3n, tales como el \u00f3rgano y el territorio que abarcan estos comicios, es decir, nacional, circunscripci\u00f3n plurinominal, circuito judicial y distrito judicial.<\/p>\n","protected":false},"excerpt":{"rendered":"<p>El Consejo General del Instituto Nacional Electoral (INE) determin\u00f3 los topes de gastos personales de campa\u00f1a de las candidaturas que participar\u00e1n en el Proceso Electoral Extraordinario para la elecci\u00f3n de diversos cargos del Poder Judicial de la Federaci\u00f3n (PEEPJF) 2024-2025, en acatamiento a la sentencia dictada por la Sala Superior del Tribunal Electoral del Poder [&hellip;]<\/p>\n","protected":false},"author":2,"featured_media":212269,"comment_status":"closed","ping_status":"closed","sticky":false,"template":"","format":"standard","meta":{"footnotes":""},"categories":[12870,172],"tags":[12865,12874],"class_list":["post-212268","post","type-post","status-publish","format-standard","has-post-thumbnail","hentry","category-destacadas","category-nacional","tag-destacadas","tag-nacional"],"jetpack_featured_media_url":"https:\/\/rnoticias.com.mx\/Portal\/wp-content\/uploads\/2025\/03\/Elecciones-INE.webp","amp_enabled":true,"_links":{"self":[{"href":"https:\/\/rnoticias.com.mx\/Portal\/wp-json\/wp\/v2\/posts\/212268","targetHints":{"allow":["GET"]}}],"collection":[{"href":"https:\/\/rnoticias.com.mx\/Portal\/wp-json\/wp\/v2\/posts"}],"about":[{"href":"https:\/\/rnoticias.com.mx\/Portal\/wp-json\/wp\/v2\/types\/post"}],"author":[{"embeddable":true,"href":"https:\/\/rnoticias.com.mx\/Portal\/wp-json\/wp\/v2\/users\/2"}],"replies":[{"embeddable":true,"href":"https:\/\/rnoticias.com.mx\/Portal\/wp-json\/wp\/v2\/comments?post=212268"}],"version-history":[{"count":1,"href":"https:\/\/rnoticias.com.mx\/Portal\/wp-json\/wp\/v2\/posts\/212268\/revisions"}],"predecessor-version":[{"id":212270,"href":"https:\/\/rnoticias.com.mx\/Portal\/wp-json\/wp\/v2\/posts\/212268\/revisions\/212270"}],"wp:featuredmedia":[{"embeddable":true,"href":"https:\/\/rnoticias.com.mx\/Portal\/wp-json\/wp\/v2\/media\/212269"}],"wp:attachment":[{"href":"https:\/\/rnoticias.com.mx\/Portal\/wp-json\/wp\/v2\/media?parent=212268"}],"wp:term":[{"taxonomy":"category","embeddable":true,"href":"https:\/\/rnoticias.com.mx\/Portal\/wp-json\/wp\/v2\/categories?post=212268"},{"taxonomy":"post_tag","embeddable":true,"href":"https:\/\/rnoticias.com.mx\/Portal\/wp-json\/wp\/v2\/tags?post=212268"}],"curies":[{"name":"wp","href":"https:\/\/api.w.org\/{rel}","templated":true}]}}