{"id":212188,"date":"2025-03-20T01:38:09","date_gmt":"2025-03-20T01:38:09","guid":{"rendered":"https:\/\/rnoticias.com.mx\/Portal\/?p=212188"},"modified":"2025-03-20T01:38:09","modified_gmt":"2025-03-20T01:38:09","slug":"activan-contingencia-ambiental-en-monterrey-nuevo-leon","status":"publish","type":"post","link":"https:\/\/rnoticias.com.mx\/Portal\/2025\/03\/20\/activan-contingencia-ambiental-en-monterrey-nuevo-leon\/","title":{"rendered":"Activan contingencia ambiental en Monterrey, Nuevo Le\u00f3n"},"content":{"rendered":"<p>La Secretar\u00eda de Medio Ambiente de Nuevo Le\u00f3n emiti\u00f3 una contingencia ambiental por la cantidad de polvo proveniente de los estados de<strong>\u00a0Texas y Coahuila.<\/strong><\/p>\n<p>A trav\u00e9s de un comunicado, la dependencia inform\u00f3 que los vientos de m\u00e1s de 20 kil\u00f3metros por hora han provocado el incremento de part\u00edculas PM10 en la Zona Metropolitana de Monterrey.<\/p>\n<p><strong><em>\u201cComo se hab\u00edan pronosticado y debido a fuertes vientos que cargan polvos provenientes de Texas y Coahuila con velocidades promedio de m\u00e1s de 20 km\/h provenientes del oeste y noroeste\u201d.<\/em><\/strong><\/p>\n<div id=\"eldia-300960531\" class=\"eldia-contenido eldia-target\" data-eldia-trackid=\"1573641\" data-eldia-trackbid=\"1\"><\/div>\n<p><strong><em>\u201cSe est\u00e1 generando la acumulaci\u00f3n de polvo en la atm\u00f3sfera de la ZMM, generando un aumento en la contaminaci\u00f3n de fondo conformada por concentraciones de PM10, alcanzando su pico al medio d\u00eda\u201d,\u00a0<\/em><\/strong>se\u00f1ala el comunicado.<\/p>\n<p>Por la ma\u00f1ana, el \u00c1rea Metropolitana de Monterrey amaneci\u00f3 cubierta con una capa de polvo.<\/p>\n<p>Autoridades estatales informaron que el punto m\u00e1ximo podr\u00eda alcanzarse al medio d\u00eda y continuar durante las pr\u00f3ximas horas, por lo que se exhort\u00f3 a la poblaci\u00f3n a tomar las medidas preventivas correspondientes.<\/p>\n<div class=\"stream-item stream-item-in-post stream-item-inline-post aligncenter\">\n<div class=\"stream-item-size\"><\/div>\n<\/div>\n<p><strong><em>\u201cPor lo anterior, se exhorta a la poblaci\u00f3n en general a evitar actividades al aire libre hasta en tanto prevalezcan las condiciones de calidad de aire actuales. El Gobierno del Estado comunicara puntualmente cualquier cambio al respecto. Por \u00faltimo, se conmina a las empresas, establecimientos y construcciones llevar a cabo acciones a fin de reducir sus emisiones\u201d,<\/em><\/strong>\u00a0se explica en el texto oficial<\/p>\n<p>Esta ser\u00eda la tercera contingencia ambiental emitida en lo que va del mes de marzo.<\/p>\n<p>&nbsp;<\/p>\n<p>El Universal<\/p>\n","protected":false},"excerpt":{"rendered":"<p>La Secretar\u00eda de Medio Ambiente de Nuevo Le\u00f3n emiti\u00f3 una contingencia ambiental por la cantidad de polvo proveniente de los estados de\u00a0Texas y Coahuila. A trav\u00e9s de un comunicado, la dependencia inform\u00f3 que los vientos de m\u00e1s de 20 kil\u00f3metros por hora han provocado el incremento de part\u00edculas PM10 en la Zona Metropolitana de Monterrey. [&hellip;]<\/p>\n","protected":false},"author":2,"featured_media":212189,"comment_status":"closed","ping_status":"closed","sticky":false,"template":"","format":"standard","meta":{"footnotes":""},"categories":[12870,172],"tags":[12865,12874],"class_list":["post-212188","post","type-post","status-publish","format-standard","has-post-thumbnail","hentry","category-destacadas","category-nacional","tag-destacadas","tag-nacional"],"jetpack_featured_media_url":"https:\/\/rnoticias.com.mx\/Portal\/wp-content\/uploads\/2025\/03\/contaminacion-en-nuevo-leon-jorge-1.webp","amp_enabled":true,"_links":{"self":[{"href":"https:\/\/rnoticias.com.mx\/Portal\/wp-json\/wp\/v2\/posts\/212188","targetHints":{"allow":["GET"]}}],"collection":[{"href":"https:\/\/rnoticias.com.mx\/Portal\/wp-json\/wp\/v2\/posts"}],"about":[{"href":"https:\/\/rnoticias.com.mx\/Portal\/wp-json\/wp\/v2\/types\/post"}],"author":[{"embeddable":true,"href":"https:\/\/rnoticias.com.mx\/Portal\/wp-json\/wp\/v2\/users\/2"}],"replies":[{"embeddable":true,"href":"https:\/\/rnoticias.com.mx\/Portal\/wp-json\/wp\/v2\/comments?post=212188"}],"version-history":[{"count":1,"href":"https:\/\/rnoticias.com.mx\/Portal\/wp-json\/wp\/v2\/posts\/212188\/revisions"}],"predecessor-version":[{"id":212190,"href":"https:\/\/rnoticias.com.mx\/Portal\/wp-json\/wp\/v2\/posts\/212188\/revisions\/212190"}],"wp:featuredmedia":[{"embeddable":true,"href":"https:\/\/rnoticias.com.mx\/Portal\/wp-json\/wp\/v2\/media\/212189"}],"wp:attachment":[{"href":"https:\/\/rnoticias.com.mx\/Portal\/wp-json\/wp\/v2\/media?parent=212188"}],"wp:term":[{"taxonomy":"category","embeddable":true,"href":"https:\/\/rnoticias.com.mx\/Portal\/wp-json\/wp\/v2\/categories?post=212188"},{"taxonomy":"post_tag","embeddable":true,"href":"https:\/\/rnoticias.com.mx\/Portal\/wp-json\/wp\/v2\/tags?post=212188"}],"curies":[{"name":"wp","href":"https:\/\/api.w.org\/{rel}","templated":true}]}}