{"id":212185,"date":"2025-03-20T01:36:27","date_gmt":"2025-03-20T01:36:27","guid":{"rendered":"https:\/\/rnoticias.com.mx\/Portal\/?p=212185"},"modified":"2025-03-20T01:36:27","modified_gmt":"2025-03-20T01:36:27","slug":"haran-base-de-datos-geneticos-con-restos-que-se-hallen-en-rancho","status":"publish","type":"post","link":"https:\/\/rnoticias.com.mx\/Portal\/2025\/03\/20\/haran-base-de-datos-geneticos-con-restos-que-se-hallen-en-rancho\/","title":{"rendered":"Har\u00e1n base de datos gen\u00e9ticos con restos que se hallen en rancho"},"content":{"rendered":"<p>Alejandro Gertz Manero, fiscal general de la Rep\u00fablica (FGR), inform\u00f3 que se har\u00e1 una base de datos gen\u00e9ticos de los restos humanos que se encuentren en el<strong>\u00a0Rancho Izaguirre,<\/strong>\u00a0en Teuchitl\u00e1n, Jalisco.<\/p>\n<p>En conferencia de prensa, el fiscal general se\u00f1al\u00f3 que es una obligaci\u00f3n hacer esta base de datos gen\u00e9ticos.<\/p>\n<p><strong><em>\u201c\u00bfTienen previsto hacer una base datos gen\u00e9ticos para compararlos? \u00bfVan a hacer alguna base espec\u00edficamente para el caso del rancho?\u201d,<\/em><\/strong>\u00a0se le pregunt\u00f3.<\/p>\n<p><strong><em>\u201cNecesariamente. Es parte, es obligatoria\u201d,<\/em><\/strong>\u00a0respondi\u00f3.<\/p>\n<p>&nbsp;<\/p>\n<p>El Universal<\/p>\n","protected":false},"excerpt":{"rendered":"<p>Alejandro Gertz Manero, fiscal general de la Rep\u00fablica (FGR), inform\u00f3 que se har\u00e1 una base de datos gen\u00e9ticos de los restos humanos que se encuentren en el\u00a0Rancho Izaguirre,\u00a0en Teuchitl\u00e1n, Jalisco. En conferencia de prensa, el fiscal general se\u00f1al\u00f3 que es una obligaci\u00f3n hacer esta base de datos gen\u00e9ticos. \u201c\u00bfTienen previsto hacer una base datos gen\u00e9ticos [&hellip;]<\/p>\n","protected":false},"author":2,"featured_media":212186,"comment_status":"closed","ping_status":"closed","sticky":false,"template":"","format":"standard","meta":{"footnotes":""},"categories":[12870,172],"tags":[12865,12874],"class_list":["post-212185","post","type-post","status-publish","format-standard","has-post-thumbnail","hentry","category-destacadas","category-nacional","tag-destacadas","tag-nacional"],"jetpack_featured_media_url":"https:\/\/rnoticias.com.mx\/Portal\/wp-content\/uploads\/2025\/03\/TEUCHITLAN.jpg","amp_enabled":true,"_links":{"self":[{"href":"https:\/\/rnoticias.com.mx\/Portal\/wp-json\/wp\/v2\/posts\/212185","targetHints":{"allow":["GET"]}}],"collection":[{"href":"https:\/\/rnoticias.com.mx\/Portal\/wp-json\/wp\/v2\/posts"}],"about":[{"href":"https:\/\/rnoticias.com.mx\/Portal\/wp-json\/wp\/v2\/types\/post"}],"author":[{"embeddable":true,"href":"https:\/\/rnoticias.com.mx\/Portal\/wp-json\/wp\/v2\/users\/2"}],"replies":[{"embeddable":true,"href":"https:\/\/rnoticias.com.mx\/Portal\/wp-json\/wp\/v2\/comments?post=212185"}],"version-history":[{"count":1,"href":"https:\/\/rnoticias.com.mx\/Portal\/wp-json\/wp\/v2\/posts\/212185\/revisions"}],"predecessor-version":[{"id":212187,"href":"https:\/\/rnoticias.com.mx\/Portal\/wp-json\/wp\/v2\/posts\/212185\/revisions\/212187"}],"wp:featuredmedia":[{"embeddable":true,"href":"https:\/\/rnoticias.com.mx\/Portal\/wp-json\/wp\/v2\/media\/212186"}],"wp:attachment":[{"href":"https:\/\/rnoticias.com.mx\/Portal\/wp-json\/wp\/v2\/media?parent=212185"}],"wp:term":[{"taxonomy":"category","embeddable":true,"href":"https:\/\/rnoticias.com.mx\/Portal\/wp-json\/wp\/v2\/categories?post=212185"},{"taxonomy":"post_tag","embeddable":true,"href":"https:\/\/rnoticias.com.mx\/Portal\/wp-json\/wp\/v2\/tags?post=212185"}],"curies":[{"name":"wp","href":"https:\/\/api.w.org\/{rel}","templated":true}]}}