{"id":212158,"date":"2025-03-19T23:04:14","date_gmt":"2025-03-19T23:04:14","guid":{"rendered":"https:\/\/rnoticias.com.mx\/Portal\/?p=212158"},"modified":"2025-03-19T23:04:14","modified_gmt":"2025-03-19T23:04:14","slug":"mana-rompera-record-de-bruce-springsteen-y-habla-del-salon-de-la-fama-del-rock","status":"publish","type":"post","link":"https:\/\/rnoticias.com.mx\/Portal\/2025\/03\/19\/mana-rompera-record-de-bruce-springsteen-y-habla-del-salon-de-la-fama-del-rock\/","title":{"rendered":"Man\u00e1 romper\u00e1 r\u00e9cord de Bruce Springsteen y habla del Sal\u00f3n de la Fama del Rock"},"content":{"rendered":"<p>La banda gigante del pop-rock mexicano,\u00a0<mark>Man\u00e1, estar\u00e1 pr\u00f3xima a romper el r\u00e9cord de \u201cThe Boss\u201d Bruce Springsteen, el cu\u00e1l consiste en<strong>\u00a0tener m\u00e1s conciertos en arenas en Los \u00c1ngeles,\u00a0<\/strong>ya que la banda ofrecer\u00e1 44 frente a los 42 del astro estadounidense, durante una nueva gira por arenas.<\/mark><\/p>\n<p>Su gira\u00a0<i>Vivir sin aire<\/i>, que fue nombrada en honor a la canci\u00f3n de su \u00e1lbum de 1992 &#8220;\u00bfD\u00f3nde jugar\u00e1n los ni\u00f1os?&#8221;,\u00a0<strong>comenzar\u00e1 el cinco de septiembre en el Frost Bank Center en San Antonio, Texas, y concluir\u00e1 el cuatro de abril de 2026 en el First Horizon Coliseum en Greensboro, Carolina del Norte.<\/strong><\/p>\n<p>Las presentaciones incluyen una residencia de cuatro noches en el Kia Forum de Los \u00c1ngeles, coloc\u00e1ndolos justo por delante del r\u00e9cord de Springsteen.\u00a0<mark>&#8220;\u00a1Y cantando en espa\u00f1ol! Esa es la parte incre\u00edble&#8221;, dijo el vocalista Fher Olvera en una entrevista. \u201cEstamos viviendo historia en este pa\u00eds\u201d.\u00a0<\/mark><\/p>\n<p>La banda, que celebra su 40 aniversario el pr\u00f3ximo a\u00f1o,\u00a0<strong>tambi\u00e9n se presentar\u00e1 en algunas ciudades en las que nunca han hecho giras antes: Nashville, Tennessee; Detroit, San Luis, Baltimore y Montreal,\u00a0<\/strong>entre otras.<\/p>\n<p>En el pasado, los ingresos de las giras de Man\u00e1 han financiado &#8220;becas y trabajado con los agricultores&#8221;, enumera el baterista Alex Gonz\u00e1lez.\u00a0<mark>Esta vez, parte de los ingresos de la gira beneficiar\u00e1 su programa Latinas Luchonas en honor a Rosario Sierra, la difunta madre de Olvera.<\/mark>\u00a0Gonz\u00e1lez lo describe como una iniciativa para ayudar a madres solteras.<\/p>\n<p>Sus conciertos en vivo tambi\u00e9n son &#8220;una celebraci\u00f3n de la comunidad latina&#8221;, dice Gonz\u00e1lez. &#8220;Toda la comunidad latina viene, y tambi\u00e9n traen a sus amigos anglos. Aprenden un poco de espa\u00f1ol y un poco de nuestra cultura. Y as\u00ed, es genial. Es simplemente fant\u00e1stico tocar en vivo&#8221;.<\/p>\n<p>El p\u00fablico puede esperar escuchar canciones cl\u00e1sicas como<strong>\u00a0\u201cRayando el sol\u201d, &#8220;Oye mi amor&#8221;<\/strong>, y temas menos conocidos para los fan\u00e1ticos m\u00e1s ac\u00e9rrimos, pero tendr\u00e1n que esperar un poco m\u00e1s si quieren un nuevo disco. La banda no ha a\u00f1adido mucho en ese departamento desde que su \u00faltimo \u00e1lbum de estudio, &#8220;Cama incendiada&#8221;, fue lanzado en 2015.<\/p>\n<p><mark>&#8220;Por ahora, estamos muy enfocados en esta nueva gira&#8221;, comparti\u00f3 Olvera, cuando se le pregunt\u00f3 si hay un nuevo \u00e1lbum en camino. &#8220;As\u00ed que despu\u00e9s de esto&#8230; veremos.&#8221;<\/mark><\/p>\n<p>En estos d\u00edas, la banda tiene mucho que celebrar.\u00a0<mark><strong>El mes pasado, Man\u00e1 fue uno de los 14 nominados al Sal\u00f3n de la Fama del Rock &amp; Roll para 2025, convirti\u00e9ndose en el primer grupo completamente en espa\u00f1ol en recibir una nominaci\u00f3n.<\/strong><\/mark><\/p>\n<p>&#8220;Es un gran honor para nosotros&#8221;, dijo el guitarrista Sergio Vall\u00edn. &#8220;Creo que es bueno para toda la comunidad, la comunidad latina.&#8221;<\/p>\n<p>Cuando la banda recibi\u00f3 la noticia,\u00a0<strong>dedicaron la nominaci\u00f3n a &#8220;todos los latinos en todas partes, especialmente a los inmigrantes que est\u00e1n sufriendo en este momento&#8221; en un comunicado.<\/strong>\u00a0Gonz\u00e1lez dice que la banda debe su carrera en Estados Unidos a las comunidades mexicana y latina, una poblaci\u00f3n que describe como una &#8220;parte esencial de la fuerza laboral y la econom\u00eda de Estados Unidos.&#8221;<\/p>\n<p>&#8220;Dedicamos este premio a todos ellos, ya sabes, porque al final del d\u00eda, toda esta gente, lo que est\u00e1n haciendo es poner el pan en la mesa y est\u00e1n trabajando muy duro&#8221;, dice en referencia a la actual pol\u00edtica migratoria estricta en Estados Unidos. Gonz\u00e1lez se\u00f1ala que &#8220;hay mucha gente que est\u00e1 asustada y esta gira se trata de unir a todos, estamos llevando este mensaje positivo a Estados Unidos.&#8221; finaliza.<\/p>\n<p>Los miembros de Man\u00e1\u00a0<strong>nunca han dudado en expresar sus opiniones, particularmente sobre temas sociales y pol\u00edticos.<\/strong>\u00a0El a\u00f1o pasado, la banda retir\u00f3 su versi\u00f3n de &#8220;De pies a cabeza&#8221; de 2016 con Nicky Jam despu\u00e9s de que el cantante puertorrique\u00f1o de reguet\u00f3n expresara su apoyo a la candidatura de Trump. (Jam luego le retir\u00f3 su respaldo al entonces candidato republicano).<\/p>\n<p><mark>\u201cLos latinos tienen que entender que tienen poder pol\u00edtico. Pero por ahora, nuestra comunidad est\u00e1 invitada a cantar, a bailar y a olvidar en nuestros conciertos\u201d<\/mark>, finaliza Olvera.<\/p>\n","protected":false},"excerpt":{"rendered":"<p>La banda gigante del pop-rock mexicano,\u00a0Man\u00e1, estar\u00e1 pr\u00f3xima a romper el r\u00e9cord de \u201cThe Boss\u201d Bruce Springsteen, el cu\u00e1l consiste en\u00a0tener m\u00e1s conciertos en arenas en Los \u00c1ngeles,\u00a0ya que la banda ofrecer\u00e1 44 frente a los 42 del astro estadounidense, durante una nueva gira por arenas. Su gira\u00a0Vivir sin aire, que fue nombrada en honor [&hellip;]<\/p>\n","protected":false},"author":2,"featured_media":212159,"comment_status":"closed","ping_status":"closed","sticky":false,"template":"","format":"standard","meta":{"footnotes":""},"categories":[12870,219],"tags":[12865,12875],"class_list":["post-212158","post","type-post","status-publish","format-standard","has-post-thumbnail","hentry","category-destacadas","category-espectaculos","tag-destacadas","tag-espectaculos"],"jetpack_featured_media_url":"https:\/\/rnoticias.com.mx\/Portal\/wp-content\/uploads\/2025\/03\/GettyImages-2160504157.webp","amp_enabled":true,"_links":{"self":[{"href":"https:\/\/rnoticias.com.mx\/Portal\/wp-json\/wp\/v2\/posts\/212158","targetHints":{"allow":["GET"]}}],"collection":[{"href":"https:\/\/rnoticias.com.mx\/Portal\/wp-json\/wp\/v2\/posts"}],"about":[{"href":"https:\/\/rnoticias.com.mx\/Portal\/wp-json\/wp\/v2\/types\/post"}],"author":[{"embeddable":true,"href":"https:\/\/rnoticias.com.mx\/Portal\/wp-json\/wp\/v2\/users\/2"}],"replies":[{"embeddable":true,"href":"https:\/\/rnoticias.com.mx\/Portal\/wp-json\/wp\/v2\/comments?post=212158"}],"version-history":[{"count":1,"href":"https:\/\/rnoticias.com.mx\/Portal\/wp-json\/wp\/v2\/posts\/212158\/revisions"}],"predecessor-version":[{"id":212160,"href":"https:\/\/rnoticias.com.mx\/Portal\/wp-json\/wp\/v2\/posts\/212158\/revisions\/212160"}],"wp:featuredmedia":[{"embeddable":true,"href":"https:\/\/rnoticias.com.mx\/Portal\/wp-json\/wp\/v2\/media\/212159"}],"wp:attachment":[{"href":"https:\/\/rnoticias.com.mx\/Portal\/wp-json\/wp\/v2\/media?parent=212158"}],"wp:term":[{"taxonomy":"category","embeddable":true,"href":"https:\/\/rnoticias.com.mx\/Portal\/wp-json\/wp\/v2\/categories?post=212158"},{"taxonomy":"post_tag","embeddable":true,"href":"https:\/\/rnoticias.com.mx\/Portal\/wp-json\/wp\/v2\/tags?post=212158"}],"curies":[{"name":"wp","href":"https:\/\/api.w.org\/{rel}","templated":true}]}}