{"id":212155,"date":"2025-03-19T23:02:57","date_gmt":"2025-03-19T23:02:57","guid":{"rendered":"https:\/\/rnoticias.com.mx\/Portal\/?p=212155"},"modified":"2025-03-19T23:02:57","modified_gmt":"2025-03-19T23:02:57","slug":"suspenden-clases-en-el-cch-naucalpan-tras-agresion-de-estudiante-a-profesor","status":"publish","type":"post","link":"https:\/\/rnoticias.com.mx\/Portal\/2025\/03\/19\/suspenden-clases-en-el-cch-naucalpan-tras-agresion-de-estudiante-a-profesor\/","title":{"rendered":"Suspenden clases en el CCH Naucalpan tras agresi\u00f3n de estudiante a profesor"},"content":{"rendered":"<p>Una agresi\u00f3n en un sal\u00f3n del<strong>\u00a0Colegio de Ciencias y Humanidades (CCH) Naucalpan<\/strong>\u00a0provoc\u00f3 la suspensi\u00f3n de clases en el plantel. Los reportes indican que un estudiante habr\u00eda atacado a un profesor con un objeto puntiagudo cerca del cuello.<strong>\u00a0La suspensi\u00f3n de clases busca no entorpecer las investigaciones y dar seguridad a estudiantes y alumnos.<\/strong><\/p>\n<p>El ataque ocurri\u00f3 la ma\u00f1ana de este 19 de marzo en la planta alta del\u00a0<strong>edificio &#8220;L&#8221;<\/strong>, cuando el profesor de franc\u00e9s, identificado como Esteban fue\u00a0<strong>agredido por un alumno\u00a0<\/strong>quien lo lesion\u00f3 en el cuello con un objeto puntiagudo, indicaron testigos.<\/p>\n<p>El\u00a0<strong>estudiante habr\u00eda intentado huir, pero se presume fue detenido<\/strong>; en tanto que el maestro fue\u00a0<strong>trasladado al \u00e1rea de enfermer\u00eda<\/strong>\u00a0donde estar\u00edan esperando la llegada de\u00a0<strong>param\u00e9dicos<\/strong>.<\/p>\n<p>Por esta agresi\u00f3n autoridades del<strong>\u00a0CCH Naucalpan del \u00e1rea de seguridad determina la suspensi\u00f3n de clases en ambos turnos<\/strong>, para poder realizar las investigaciones y no obstaculizar el trabajo de las autoridades de la\u00a0<strong>Fiscal\u00eda General de Justicia del Estado de M\u00e9xico<\/strong>.<\/p>\n<p>Esta agresi\u00f3n provoc\u00f3 incertidumbre entre la comunidad universitaria del\u00a0<strong>CCH Naucalpan<\/strong>, quienes apenas hace unas semanas presenciaron\u00a0<strong>detonaci\u00f3n de explosivos y de armas de fuego,<\/strong>\u00a0agresi\u00f3n por la que fueron detenidos tres estudiantes, dos de ellos bajo proceso en el penal de Barrientos.<\/p>\n<p>A este plantel acuden m\u00e1s de 10 mil estudiantes de ambos turnos.<\/p>\n","protected":false},"excerpt":{"rendered":"<p>Una agresi\u00f3n en un sal\u00f3n del\u00a0Colegio de Ciencias y Humanidades (CCH) Naucalpan\u00a0provoc\u00f3 la suspensi\u00f3n de clases en el plantel. Los reportes indican que un estudiante habr\u00eda atacado a un profesor con un objeto puntiagudo cerca del cuello.\u00a0La suspensi\u00f3n de clases busca no entorpecer las investigaciones y dar seguridad a estudiantes y alumnos. El ataque ocurri\u00f3 [&hellip;]<\/p>\n","protected":false},"author":2,"featured_media":212156,"comment_status":"closed","ping_status":"closed","sticky":false,"template":"","format":"standard","meta":{"footnotes":""},"categories":[12870,172],"tags":[12865,12874],"class_list":["post-212155","post","type-post","status-publish","format-standard","has-post-thumbnail","hentry","category-destacadas","category-nacional","tag-destacadas","tag-nacional"],"jetpack_featured_media_url":"https:\/\/rnoticias.com.mx\/Portal\/wp-content\/uploads\/2025\/03\/AA1AkE2U.jpg","amp_enabled":true,"_links":{"self":[{"href":"https:\/\/rnoticias.com.mx\/Portal\/wp-json\/wp\/v2\/posts\/212155","targetHints":{"allow":["GET"]}}],"collection":[{"href":"https:\/\/rnoticias.com.mx\/Portal\/wp-json\/wp\/v2\/posts"}],"about":[{"href":"https:\/\/rnoticias.com.mx\/Portal\/wp-json\/wp\/v2\/types\/post"}],"author":[{"embeddable":true,"href":"https:\/\/rnoticias.com.mx\/Portal\/wp-json\/wp\/v2\/users\/2"}],"replies":[{"embeddable":true,"href":"https:\/\/rnoticias.com.mx\/Portal\/wp-json\/wp\/v2\/comments?post=212155"}],"version-history":[{"count":1,"href":"https:\/\/rnoticias.com.mx\/Portal\/wp-json\/wp\/v2\/posts\/212155\/revisions"}],"predecessor-version":[{"id":212157,"href":"https:\/\/rnoticias.com.mx\/Portal\/wp-json\/wp\/v2\/posts\/212155\/revisions\/212157"}],"wp:featuredmedia":[{"embeddable":true,"href":"https:\/\/rnoticias.com.mx\/Portal\/wp-json\/wp\/v2\/media\/212156"}],"wp:attachment":[{"href":"https:\/\/rnoticias.com.mx\/Portal\/wp-json\/wp\/v2\/media?parent=212155"}],"wp:term":[{"taxonomy":"category","embeddable":true,"href":"https:\/\/rnoticias.com.mx\/Portal\/wp-json\/wp\/v2\/categories?post=212155"},{"taxonomy":"post_tag","embeddable":true,"href":"https:\/\/rnoticias.com.mx\/Portal\/wp-json\/wp\/v2\/tags?post=212155"}],"curies":[{"name":"wp","href":"https:\/\/api.w.org\/{rel}","templated":true}]}}