{"id":211961,"date":"2025-03-18T16:21:03","date_gmt":"2025-03-18T16:21:03","guid":{"rendered":"https:\/\/rnoticias.com.mx\/Portal\/?p=211961"},"modified":"2025-03-18T16:21:03","modified_gmt":"2025-03-18T16:21:03","slug":"promueve-gobierno-de-sonora-libertad-de-expresion-entre-las-juventudes-sonorenses","status":"publish","type":"post","link":"https:\/\/rnoticias.com.mx\/Portal\/2025\/03\/18\/promueve-gobierno-de-sonora-libertad-de-expresion-entre-las-juventudes-sonorenses\/","title":{"rendered":"Promueve Gobierno de Sonora libertad de expresi\u00f3n entre las juventudes sonorenses"},"content":{"rendered":"<p>Cajeme, Sonora; 18 de marzo de 2025.- Para que las nuevas generaciones contribuyan a los esfuerzos del Gobierno de Sonora de consolidar la construcci\u00f3n de una sociedad m\u00e1s equitativa y pr\u00f3spera, la Universidad Tecnol\u00f3gica del Sur de Sonora (UTS) promueve la libertad de expresi\u00f3n entre las juventudes, destac\u00f3 Sergio Pablo Mariscal Alvarado.<\/p>\n<p>El rector de la UTS indic\u00f3 que a trav\u00e9s del \u201cTaller de Periodismo Estudiantil\u201d, impartido a estudiantes del Centro de Bachillerato Tecnol\u00f3gico Agropecuario (CBTA) No. 197, fomentan en las nuevas generaciones la expresi\u00f3n de sus ideas y opiniones, as\u00ed como la participaci\u00f3n en la toma de decisiones.<\/p>\n<p>La actividad, dijo, se llev\u00f3 a cabo como parte de la sexta edici\u00f3n de la Feria del Libro (FLIB) organizada por dicho plantel, y a\u00f1adi\u00f3 que la capacitaci\u00f3n estuvo a cargo del jefe del Departamento de Comunicaci\u00f3n Social y Promoci\u00f3n de la UTS, Mario Alberto Briones P\u00e9rez y del responsable Medios Digitales de la instituci\u00f3n, Carlos Eduardo Ubamea Torres.<\/p>\n<p>Los expositores compartieron con los j\u00f3venes diversas tem\u00e1ticas relacionadas con la actividad period\u00edstica y su aplicaci\u00f3n en el \u00e1mbito escolar, adem\u00e1s de alentar al alumnado a sumarse, a trav\u00e9s de la libertad de expresi\u00f3n, al movimiento humanista y progresista que promueven las autoridades federales y estatales para seguir transformando a Sonora y M\u00e9xico.<\/p>\n<p>Mariscal Alvarado, agreg\u00f3 que el objetivo del taller fue brindar a los estudiantes los conocimientos b\u00e1sicos sobre el periodismo, sus g\u00e9neros y su aplicaci\u00f3n pr\u00e1ctica, con el fin de que puedan crear un medio de comunicaci\u00f3n dentro de su instituci\u00f3n y \u00e1mbitos de participaci\u00f3n.<\/p>\n<p>Explic\u00f3 que, durante el taller, los j\u00f3venes realizaron una pr\u00e1ctica period\u00edstica, combinando los conocimientos te\u00f3ricos adquiridos en la sesi\u00f3n, con la aplicaci\u00f3n de herramientas tecnol\u00f3gicas para dar a conocer el resultado de su trabajo, en este caso a trav\u00e9s de la red social de Instagram.<\/p>\n","protected":false},"excerpt":{"rendered":"<p>Cajeme, Sonora; 18 de marzo de 2025.- Para que las nuevas generaciones contribuyan a los esfuerzos del Gobierno de Sonora de consolidar la construcci\u00f3n de una sociedad m\u00e1s equitativa y pr\u00f3spera, la Universidad Tecnol\u00f3gica del Sur de Sonora (UTS) promueve la libertad de expresi\u00f3n entre las juventudes, destac\u00f3 Sergio Pablo Mariscal Alvarado. El rector de [&hellip;]<\/p>\n","protected":false},"author":2,"featured_media":211962,"comment_status":"closed","ping_status":"closed","sticky":false,"template":"","format":"standard","meta":{"footnotes":""},"categories":[12870,174],"tags":[12865,12873],"class_list":["post-211961","post","type-post","status-publish","format-standard","has-post-thumbnail","hentry","category-destacadas","category-estatal","tag-destacadas","tag-estatal"],"jetpack_featured_media_url":"https:\/\/rnoticias.com.mx\/Portal\/wp-content\/uploads\/2025\/03\/unnamed-59.jpg","amp_enabled":true,"_links":{"self":[{"href":"https:\/\/rnoticias.com.mx\/Portal\/wp-json\/wp\/v2\/posts\/211961","targetHints":{"allow":["GET"]}}],"collection":[{"href":"https:\/\/rnoticias.com.mx\/Portal\/wp-json\/wp\/v2\/posts"}],"about":[{"href":"https:\/\/rnoticias.com.mx\/Portal\/wp-json\/wp\/v2\/types\/post"}],"author":[{"embeddable":true,"href":"https:\/\/rnoticias.com.mx\/Portal\/wp-json\/wp\/v2\/users\/2"}],"replies":[{"embeddable":true,"href":"https:\/\/rnoticias.com.mx\/Portal\/wp-json\/wp\/v2\/comments?post=211961"}],"version-history":[{"count":1,"href":"https:\/\/rnoticias.com.mx\/Portal\/wp-json\/wp\/v2\/posts\/211961\/revisions"}],"predecessor-version":[{"id":211963,"href":"https:\/\/rnoticias.com.mx\/Portal\/wp-json\/wp\/v2\/posts\/211961\/revisions\/211963"}],"wp:featuredmedia":[{"embeddable":true,"href":"https:\/\/rnoticias.com.mx\/Portal\/wp-json\/wp\/v2\/media\/211962"}],"wp:attachment":[{"href":"https:\/\/rnoticias.com.mx\/Portal\/wp-json\/wp\/v2\/media?parent=211961"}],"wp:term":[{"taxonomy":"category","embeddable":true,"href":"https:\/\/rnoticias.com.mx\/Portal\/wp-json\/wp\/v2\/categories?post=211961"},{"taxonomy":"post_tag","embeddable":true,"href":"https:\/\/rnoticias.com.mx\/Portal\/wp-json\/wp\/v2\/tags?post=211961"}],"curies":[{"name":"wp","href":"https:\/\/api.w.org\/{rel}","templated":true}]}}