{"id":211955,"date":"2025-03-18T16:14:37","date_gmt":"2025-03-18T16:14:37","guid":{"rendered":"https:\/\/rnoticias.com.mx\/Portal\/?p=211955"},"modified":"2025-03-18T16:14:37","modified_gmt":"2025-03-18T16:14:37","slug":"fiscalia-general-de-la-republica-presentara-manana-primer-informe-de-teuchitlan","status":"publish","type":"post","link":"https:\/\/rnoticias.com.mx\/Portal\/2025\/03\/18\/fiscalia-general-de-la-republica-presentara-manana-primer-informe-de-teuchitlan\/","title":{"rendered":"Fiscal\u00eda General de la Rep\u00fablica presentar\u00e1 ma\u00f1ana primer informe de Teuchitl\u00e1n"},"content":{"rendered":"<p>Como parte de las acciones que se siguen desde el Gobierno federal para el esclarecimiento de los hechos registrados en el rancho de Teuchitl\u00e1n, que operaba como centro de adiestramiento del crimen organizado, la Presidenta de M\u00e9xico, Claudia Sheinbaum, afirm\u00f3 que\u00a0<strong>ser\u00e1 ma\u00f1ana mi\u00e9rcoles cuando se presente el primer informe de lo ah\u00ed localizado<\/strong>.<\/p>\n<p>Tal como lo hab\u00eda adelantado la Presidenta a finales de la semana pasada,\u00a0<strong>el informe estar\u00e1 a cargo del fiscal general Alejandro Gertz Manero, y contendr\u00e1 informaci\u00f3n \u201cbasada en evidencia cient\u00edfica\u201d<\/strong>\u00a0sobre los primeros hallazgos realizados en el rancho Izaguirre.<\/p>\n<p>\u201cNuestro sentir est\u00e1 con las familias de las personas desaparecidas. Sabemos de su necesidad y anhelo de reencontrarse con sus seres amados. Nunca vamos a confrontar a una madre, cuyo hijo, hija, hermano o un familiar desapareci\u00f3. El eje de nuestro Gobierno est\u00e1 centrado en el respeto a los derechos humanos, la construcci\u00f3n de paz y la atenci\u00f3n a las v\u00edctimas, y siempre la verdad y la justicia\u201d, afirm\u00f3 la mandataria federal en su conferencia matutina.<\/p>\n<p>Tambi\u00e9n, dijo,\u00a0<strong>se convocar\u00e1 al Consejo Nacional de Seguridad P\u00fablica para construir los protocolos con todos los gobernadores, necesarios, para atender este delito,<\/strong>\u00a0la atenci\u00f3n a las v\u00edctimas y el fortalecimiento de las Comisiones de B\u00fasqueda, as\u00ed como el fortalecimiento de las Fiscal\u00edas estatales y la Fiscal\u00eda General de la Rep\u00fablica.<\/p>\n<p>La Presidenta hab\u00eda adelantado que instruy\u00f3 que despu\u00e9s de este informe ser\u00eda la Comisi\u00f3n Nacional de B\u00fasqueda de Personas la encargada de dar a conocer un panorama sobre el tema de las desapariciones en M\u00e9xico, ante se\u00f1alamientos existentes sobre el hecho de que \u201chay m\u00e1s desapariciones que homicidios en el pa\u00eds\u201d, situaci\u00f3n que ella ha negado, y que ser\u00e1 confirmada con dicha informaci\u00f3n, aunque hasta el momento no hay fecha fija para compartirla.<\/p>\n","protected":false},"excerpt":{"rendered":"<p>Como parte de las acciones que se siguen desde el Gobierno federal para el esclarecimiento de los hechos registrados en el rancho de Teuchitl\u00e1n, que operaba como centro de adiestramiento del crimen organizado, la Presidenta de M\u00e9xico, Claudia Sheinbaum, afirm\u00f3 que\u00a0ser\u00e1 ma\u00f1ana mi\u00e9rcoles cuando se presente el primer informe de lo ah\u00ed localizado. Tal como [&hellip;]<\/p>\n","protected":false},"author":2,"featured_media":211956,"comment_status":"closed","ping_status":"closed","sticky":false,"template":"","format":"standard","meta":{"footnotes":""},"categories":[12870,172],"tags":[12865,12874],"class_list":["post-211955","post","type-post","status-publish","format-standard","has-post-thumbnail","hentry","category-destacadas","category-nacional","tag-destacadas","tag-nacional"],"jetpack_featured_media_url":"https:\/\/rnoticias.com.mx\/Portal\/wp-content\/uploads\/2025\/03\/291.webp","amp_enabled":true,"_links":{"self":[{"href":"https:\/\/rnoticias.com.mx\/Portal\/wp-json\/wp\/v2\/posts\/211955","targetHints":{"allow":["GET"]}}],"collection":[{"href":"https:\/\/rnoticias.com.mx\/Portal\/wp-json\/wp\/v2\/posts"}],"about":[{"href":"https:\/\/rnoticias.com.mx\/Portal\/wp-json\/wp\/v2\/types\/post"}],"author":[{"embeddable":true,"href":"https:\/\/rnoticias.com.mx\/Portal\/wp-json\/wp\/v2\/users\/2"}],"replies":[{"embeddable":true,"href":"https:\/\/rnoticias.com.mx\/Portal\/wp-json\/wp\/v2\/comments?post=211955"}],"version-history":[{"count":1,"href":"https:\/\/rnoticias.com.mx\/Portal\/wp-json\/wp\/v2\/posts\/211955\/revisions"}],"predecessor-version":[{"id":211957,"href":"https:\/\/rnoticias.com.mx\/Portal\/wp-json\/wp\/v2\/posts\/211955\/revisions\/211957"}],"wp:featuredmedia":[{"embeddable":true,"href":"https:\/\/rnoticias.com.mx\/Portal\/wp-json\/wp\/v2\/media\/211956"}],"wp:attachment":[{"href":"https:\/\/rnoticias.com.mx\/Portal\/wp-json\/wp\/v2\/media?parent=211955"}],"wp:term":[{"taxonomy":"category","embeddable":true,"href":"https:\/\/rnoticias.com.mx\/Portal\/wp-json\/wp\/v2\/categories?post=211955"},{"taxonomy":"post_tag","embeddable":true,"href":"https:\/\/rnoticias.com.mx\/Portal\/wp-json\/wp\/v2\/tags?post=211955"}],"curies":[{"name":"wp","href":"https:\/\/api.w.org\/{rel}","templated":true}]}}