{"id":211887,"date":"2025-03-17T02:49:47","date_gmt":"2025-03-17T02:49:47","guid":{"rendered":"https:\/\/rnoticias.com.mx\/Portal\/?p=211887"},"modified":"2025-03-17T02:49:47","modified_gmt":"2025-03-17T02:49:47","slug":"macario-martinez-debuta-en-el-vive-latino-2025","status":"publish","type":"post","link":"https:\/\/rnoticias.com.mx\/Portal\/2025\/03\/17\/macario-martinez-debuta-en-el-vive-latino-2025\/","title":{"rendered":"Macario Mart\u00ednez debuta en el Vive Latino 2025"},"content":{"rendered":"<p>El primer d\u00eda de la edici\u00f3n 2025 del Vive Latino present\u00f3 uno de los shows m\u00e1s esperados por el p\u00fablico alternativo:\u00a0<strong>Macario\u00a0Mart\u00ednez, quien ha logrado destacarse como una de las promesas m\u00e1s importantes de la m\u00fasica mexicana, gracias a su estilo melanc\u00f3lico y su conexi\u00f3n aut\u00e9ntica con la audiencia.<\/strong><\/p>\n<p><strong>En su actuaci\u00f3n en la Carpa Intolerante, el artista emergente consigui\u00f3 llenar el escenario y cautivar a su audiencia con canciones como &#8220;Ay destino&#8221; y la ic\u00f3nica &#8220;Sue\u00f1a lindo coraz\u00f3n&#8221;\u00a0<\/strong>(interpretada esta vez al ritmo de banda), un tema que se ha transformado en un himno desde su viralizaci\u00f3n en TikTok.<\/p>\n<p>El p\u00fablico, emocionado, core\u00f3 cada palabra del sencillo, mientras que\u00a0<strong>algunos asistentes le obsequiaron un peluche del Dr.\u00a0Simi\u00a0con la frase &#8220;Sue\u00f1a lindo&#8221;, como muestra de cari\u00f1o y admiraci\u00f3n hacia el artista.<\/strong><\/p>\n<p>La presentaci\u00f3n de Macario no solo dej\u00f3 una nube de polvo en el recinto, sino tambi\u00e9n una profunda conexi\u00f3n emocional con los asistentes, quienes han seguido su camino desde sus inicios independientes hasta su reciente firma con Sony Music y su participaci\u00f3n en festivales de renombre como el EDC M\u00e9xico &#8220;Macario, Macario, Macario&#8221; coreaba el p\u00fablico.<\/p>\n<p>M<strong>acario<\/strong><strong>\u00a0Mart\u00ednez, de 23 a\u00f1os y originario del norte de la Ciudad de M\u00e9xico, descubri\u00f3 su amor por la m\u00fasica a los ocho a\u00f1os, cuando su madre lo inscribi\u00f3 en clases de guitarra.\u00a0<\/strong>Su pasi\u00f3n por la m\u00fasica lo impuls\u00f3 a componer y cantar, pero para poder financiar su arte, decidi\u00f3 trabajar como barrendero en la capital.<\/p>\n","protected":false},"excerpt":{"rendered":"<p>El primer d\u00eda de la edici\u00f3n 2025 del Vive Latino present\u00f3 uno de los shows m\u00e1s esperados por el p\u00fablico alternativo:\u00a0Macario\u00a0Mart\u00ednez, quien ha logrado destacarse como una de las promesas m\u00e1s importantes de la m\u00fasica mexicana, gracias a su estilo melanc\u00f3lico y su conexi\u00f3n aut\u00e9ntica con la audiencia. En su actuaci\u00f3n en la Carpa Intolerante, [&hellip;]<\/p>\n","protected":false},"author":2,"featured_media":211888,"comment_status":"closed","ping_status":"closed","sticky":false,"template":"","format":"standard","meta":{"footnotes":""},"categories":[12870,219],"tags":[12865,12875],"class_list":["post-211887","post","type-post","status-publish","format-standard","has-post-thumbnail","hentry","category-destacadas","category-espectaculos","tag-destacadas","tag-espectaculos"],"jetpack_featured_media_url":"https:\/\/rnoticias.com.mx\/Portal\/wp-content\/uploads\/2025\/03\/vive-latino-2025-macario-martinez-debuta-en-el-festival-entre-gritos-y-porras-2-1024x576-1.jpg","amp_enabled":true,"_links":{"self":[{"href":"https:\/\/rnoticias.com.mx\/Portal\/wp-json\/wp\/v2\/posts\/211887","targetHints":{"allow":["GET"]}}],"collection":[{"href":"https:\/\/rnoticias.com.mx\/Portal\/wp-json\/wp\/v2\/posts"}],"about":[{"href":"https:\/\/rnoticias.com.mx\/Portal\/wp-json\/wp\/v2\/types\/post"}],"author":[{"embeddable":true,"href":"https:\/\/rnoticias.com.mx\/Portal\/wp-json\/wp\/v2\/users\/2"}],"replies":[{"embeddable":true,"href":"https:\/\/rnoticias.com.mx\/Portal\/wp-json\/wp\/v2\/comments?post=211887"}],"version-history":[{"count":1,"href":"https:\/\/rnoticias.com.mx\/Portal\/wp-json\/wp\/v2\/posts\/211887\/revisions"}],"predecessor-version":[{"id":211889,"href":"https:\/\/rnoticias.com.mx\/Portal\/wp-json\/wp\/v2\/posts\/211887\/revisions\/211889"}],"wp:featuredmedia":[{"embeddable":true,"href":"https:\/\/rnoticias.com.mx\/Portal\/wp-json\/wp\/v2\/media\/211888"}],"wp:attachment":[{"href":"https:\/\/rnoticias.com.mx\/Portal\/wp-json\/wp\/v2\/media?parent=211887"}],"wp:term":[{"taxonomy":"category","embeddable":true,"href":"https:\/\/rnoticias.com.mx\/Portal\/wp-json\/wp\/v2\/categories?post=211887"},{"taxonomy":"post_tag","embeddable":true,"href":"https:\/\/rnoticias.com.mx\/Portal\/wp-json\/wp\/v2\/tags?post=211887"}],"curies":[{"name":"wp","href":"https:\/\/api.w.org\/{rel}","templated":true}]}}