{"id":211881,"date":"2025-03-17T02:43:03","date_gmt":"2025-03-17T02:43:03","guid":{"rendered":"https:\/\/rnoticias.com.mx\/Portal\/?p=211881"},"modified":"2025-03-17T02:43:03","modified_gmt":"2025-03-17T02:43:03","slug":"participan-120-emprendedoras-en-feria-de-las-mujeres","status":"publish","type":"post","link":"https:\/\/rnoticias.com.mx\/Portal\/2025\/03\/17\/participan-120-emprendedoras-en-feria-de-las-mujeres\/","title":{"rendered":"Participan 120 emprendedoras en Feria de las Mujeres"},"content":{"rendered":"<p><b data-olk-copy-source=\"MessageBody\">Hermosillo, Sonora; 16 de marzo, 2025*.-<\/b>\u00a0Como parte de las actividades que el gobierno municipal de Hermosillo realiza por el D\u00eda Internacional de la Mujer, 120 emprendedoras participaron en la S\u00e9ptima Feria de las Mujeres en la Plaza Alonso Vidal, donde ofrecieron diferentes productos, art\u00edculos y alimentos a las familias que las visitaron la tarde del pasado s\u00e1bado.<\/p>\n<p aria-hidden=\"true\">\n<p>\u201cEn el marco del D\u00eda Internacional de la Mujer estamos llevando esta feria a la cual invitamos a todas las mujeres emprendedoras que quisieron participar, en este caso con una liga en donde se estaban registrando las mujeres y tuvimos al final un cierre de 120\u201d, coment\u00f3 Zulma Galaz Angulo.<\/p>\n<p aria-hidden=\"true\">\n<p>La directora de Atenci\u00f3n de a la Mujer dijo que gracias al apoyo que siempre han tenido del presidente municipal Antonio Astiazar\u00e1n y al impulso que les brinda pudieron realizar esta actividad.<\/p>\n<p aria-hidden=\"true\">\n<p>\u201cTenemos varios productos, todos son elaborados por nuestras mismas emprendedoras, tenemos por ejemplo \u00e1rea de comida de diferentes tipos, desde tamales hasta empanadas; tambi\u00e9n venta de ropa, productos los cuales en sus casas ellas ya emprendieron un negocio\u201d, explic\u00f3 Galaz Angulo.<\/p>\n<p aria-hidden=\"true\">\n<p>El prop\u00f3sito de esta la S\u00e9ptima Feria de las Mujeres, es brindar un espacio gratuito a mujeres que buscan independencia econ\u00f3mica y as\u00ed mismo dar a conocer a la ciudadan\u00eda sus servicios y productos que ellas mismas elaboran.<\/p>\n<p aria-hidden=\"true\">\n<p>En esta feria, se instal\u00f3 una mesa para ofrecer informaci\u00f3n sobre el programa de recolecci\u00f3n de materiales reutilizables Biciclando, por medio del cual las mujeres pueden tener un empleo y llevar recursos para mejorar la calidad de vida de sus familias.<\/p>\n<p aria-hidden=\"true\">\n","protected":false},"excerpt":{"rendered":"<p>Hermosillo, Sonora; 16 de marzo, 2025*.-\u00a0Como parte de las actividades que el gobierno municipal de Hermosillo realiza por el D\u00eda Internacional de la Mujer, 120 emprendedoras participaron en la S\u00e9ptima Feria de las Mujeres en la Plaza Alonso Vidal, donde ofrecieron diferentes productos, art\u00edculos y alimentos a las familias que las visitaron la tarde del [&hellip;]<\/p>\n","protected":false},"author":2,"featured_media":211882,"comment_status":"closed","ping_status":"closed","sticky":false,"template":"","format":"standard","meta":{"footnotes":""},"categories":[12870,178],"tags":[12865,12869],"class_list":["post-211881","post","type-post","status-publish","format-standard","has-post-thumbnail","hentry","category-destacadas","category-local","tag-destacadas","tag-local"],"jetpack_featured_media_url":"https:\/\/rnoticias.com.mx\/Portal\/wp-content\/uploads\/2025\/03\/Participan-120-emprendedoras-en-Feria-de-las-Mujeres4-scaled.jpeg","amp_enabled":true,"_links":{"self":[{"href":"https:\/\/rnoticias.com.mx\/Portal\/wp-json\/wp\/v2\/posts\/211881","targetHints":{"allow":["GET"]}}],"collection":[{"href":"https:\/\/rnoticias.com.mx\/Portal\/wp-json\/wp\/v2\/posts"}],"about":[{"href":"https:\/\/rnoticias.com.mx\/Portal\/wp-json\/wp\/v2\/types\/post"}],"author":[{"embeddable":true,"href":"https:\/\/rnoticias.com.mx\/Portal\/wp-json\/wp\/v2\/users\/2"}],"replies":[{"embeddable":true,"href":"https:\/\/rnoticias.com.mx\/Portal\/wp-json\/wp\/v2\/comments?post=211881"}],"version-history":[{"count":1,"href":"https:\/\/rnoticias.com.mx\/Portal\/wp-json\/wp\/v2\/posts\/211881\/revisions"}],"predecessor-version":[{"id":211883,"href":"https:\/\/rnoticias.com.mx\/Portal\/wp-json\/wp\/v2\/posts\/211881\/revisions\/211883"}],"wp:featuredmedia":[{"embeddable":true,"href":"https:\/\/rnoticias.com.mx\/Portal\/wp-json\/wp\/v2\/media\/211882"}],"wp:attachment":[{"href":"https:\/\/rnoticias.com.mx\/Portal\/wp-json\/wp\/v2\/media?parent=211881"}],"wp:term":[{"taxonomy":"category","embeddable":true,"href":"https:\/\/rnoticias.com.mx\/Portal\/wp-json\/wp\/v2\/categories?post=211881"},{"taxonomy":"post_tag","embeddable":true,"href":"https:\/\/rnoticias.com.mx\/Portal\/wp-json\/wp\/v2\/tags?post=211881"}],"curies":[{"name":"wp","href":"https:\/\/api.w.org\/{rel}","templated":true}]}}