{"id":211872,"date":"2025-03-17T02:33:39","date_gmt":"2025-03-17T02:33:39","guid":{"rendered":"https:\/\/rnoticias.com.mx\/Portal\/?p=211872"},"modified":"2025-03-17T02:33:39","modified_gmt":"2025-03-17T02:33:39","slug":"establece-gobierno-de-sonora-red-de-vinculadores-de-instituciones-de-educacion-superior-froylan-gamez","status":"publish","type":"post","link":"https:\/\/rnoticias.com.mx\/Portal\/2025\/03\/17\/establece-gobierno-de-sonora-red-de-vinculadores-de-instituciones-de-educacion-superior-froylan-gamez\/","title":{"rendered":"Establece Gobierno de Sonora Red de Vinculadores de Instituciones de Educaci\u00f3n Superior: Froyl\u00e1n G\u00e1mez"},"content":{"rendered":"<p>&nbsp;<\/p>\n<p align=\"left\">Hermosillo, Sonora; 16 de marzo de 2025.- Para garantizar la mejora continua del sistema educativo en Sonora, promoviendo la vinculaci\u00f3n, innovaci\u00f3n, el desarrollo tecnol\u00f3gico y la implementaci\u00f3n de modelos educativos adecuados a las necesidades del contexto regional y nacional, se estableci\u00f3 la Red de Vinculadores de Instituciones de Educaci\u00f3n Superior, anunci\u00f3 Froyl\u00e1n G\u00e1mez Gamboa.<\/p>\n<p align=\"left\">\n<p align=\"left\">El titular de la Secretar\u00eda de Educaci\u00f3n y Cultura (SEC) inform\u00f3 que este nuevo \u00f3rgano colegiado fortalecer\u00e1 la colaboraci\u00f3n efectiva entre universidades, autoridades educativas y de gobierno, empresas y sociedad civil para detonar proyectos estrat\u00e9gicos en \u00e1reas clave como alta tecnolog\u00eda, econom\u00eda social, educaci\u00f3n dual, energ\u00edas limpias, agroindustria y aquellos alineados al Plan Sonora de Energ\u00eda Sostenible.<\/p>\n<p align=\"left\">\n<p align=\"left\">G\u00e1mez Gamboa a\u00f1adi\u00f3 que durante la firma del documento y primera Reuni\u00f3n Estatal de Vinculadores de las Instituciones de Educaci\u00f3n Superior (IES) del Estado de Sonora, los integrantes se comprometieron a generar un impacto positivo en el desarrollo econ\u00f3mico y social de la entidad, a trav\u00e9s de la excelencia y la innovaci\u00f3n acad\u00e9mica.<\/p>\n<p align=\"left\">\n<p align=\"left\">Asimismo, resalt\u00f3 que se llevar\u00e1n a cabo acciones como la creaci\u00f3n de espacios de colaboraci\u00f3n, la generaci\u00f3n de proyectos estrat\u00e9gicos de vinculaci\u00f3n y la promoci\u00f3n de buenas pr\u00e1cticas en las IES.<\/p>\n<p align=\"left\">\n<p align=\"left\">Red de Vinculadores de las Instituciones de Educaci\u00f3n Superior del Estado de Sonora:<\/p>\n<p align=\"left\">\u2022\u00a0\u00a0\u00a0\u00a0\u00a0\u00a0\u00a0\u00a0\u00a0Universidad Estatal de Sonora<\/p>\n<p align=\"left\">\u2022\u00a0\u00a0\u00a0\u00a0\u00a0\u00a0\u00a0\u00a0\u00a0Universidad de Sonora<\/p>\n<p align=\"left\">\u2022\u00a0\u00a0\u00a0\u00a0\u00a0\u00a0\u00a0\u00a0\u00a0Universidad de la Sierra<\/p>\n<p align=\"left\">\u2022\u00a0\u00a0\u00a0\u00a0\u00a0\u00a0\u00a0\u00a0\u00a0El Colegio de Sonora<\/p>\n<p align=\"left\">\u2022\u00a0\u00a0\u00a0\u00a0\u00a0\u00a0\u00a0\u00a0\u00a0Instituto Tecnol\u00f3gico de Sonora<\/p>\n<p align=\"left\">\u2022\u00a0\u00a0\u00a0\u00a0\u00a0\u00a0\u00a0\u00a0\u00a0Universidad del Pueblo Yaqui<\/p>\n<p align=\"left\">\u2022\u00a0\u00a0\u00a0\u00a0\u00a0\u00a0\u00a0\u00a0\u00a0Universidad Tecnol\u00f3gica de San Luis R\u00edo Colorado<\/p>\n<p align=\"left\">\u2022\u00a0\u00a0\u00a0\u00a0\u00a0\u00a0\u00a0\u00a0\u00a0Universidad Tecnol\u00f3gica de Puerto Pe\u00f1asco<\/p>\n<p align=\"left\">\u2022\u00a0\u00a0\u00a0\u00a0\u00a0\u00a0\u00a0\u00a0\u00a0Universidad Tecnol\u00f3gica de Nogales<\/p>\n<p align=\"left\">\u2022\u00a0\u00a0\u00a0\u00a0\u00a0\u00a0\u00a0\u00a0\u00a0Universidad Tecnol\u00f3gica de Hermosillo<\/p>\n<p align=\"left\">\u2022\u00a0\u00a0\u00a0\u00a0\u00a0\u00a0\u00a0\u00a0\u00a0Universidad Tecnol\u00f3gica de Guaymas<\/p>\n<p align=\"left\">\u2022\u00a0\u00a0\u00a0\u00a0\u00a0\u00a0\u00a0\u00a0\u00a0Universidad Tecnol\u00f3gica del Sur de Sonora<\/p>\n<p align=\"left\">\u2022\u00a0\u00a0\u00a0\u00a0\u00a0\u00a0\u00a0\u00a0\u00a0Universidad Tecnol\u00f3gica de Etchojoa<\/p>\n<p align=\"left\">\u2022\u00a0\u00a0\u00a0\u00a0\u00a0\u00a0\u00a0\u00a0\u00a0Instituto Tecnol\u00f3gico Superior de Cananea<\/p>\n<p align=\"left\">\u2022\u00a0\u00a0\u00a0\u00a0\u00a0\u00a0\u00a0\u00a0\u00a0Instituto Tecnol\u00f3gico Superior de Puerto Pe\u00f1asco<\/p>\n<p align=\"left\">\u2022\u00a0\u00a0\u00a0\u00a0\u00a0\u00a0\u00a0\u00a0\u00a0Instituto Tecnol\u00f3gico Superior de Cajeme<\/p>\n<p align=\"left\">\u2022\u00a0\u00a0\u00a0\u00a0\u00a0\u00a0\u00a0\u00a0\u00a0Instituto Tecnol\u00f3gico de Agua Prieta<\/p>\n<p align=\"left\">\u2022\u00a0\u00a0\u00a0\u00a0\u00a0\u00a0\u00a0\u00a0\u00a0Instituto Tecnol\u00f3gico de Nogales<\/p>\n<p align=\"left\">\u2022\u00a0\u00a0\u00a0\u00a0\u00a0\u00a0\u00a0\u00a0\u00a0Instituto Tecnol\u00f3gico de Hermosillo<\/p>\n<p align=\"left\">\u2022\u00a0\u00a0\u00a0\u00a0\u00a0\u00a0\u00a0\u00a0\u00a0Instituto Tecnol\u00f3gico de Guaymas<\/p>\n<p align=\"left\">\u2022\u00a0\u00a0\u00a0\u00a0\u00a0\u00a0\u00a0\u00a0\u00a0Instituto Tecnol\u00f3gico del Valle del Yaqui<\/p>\n<p align=\"left\">\u2022\u00a0\u00a0\u00a0\u00a0\u00a0\u00a0\u00a0\u00a0\u00a0Instituto Tecnol\u00f3gico de Huatabampo<\/p>\n","protected":false},"excerpt":{"rendered":"<p>&nbsp; Hermosillo, Sonora; 16 de marzo de 2025.- Para garantizar la mejora continua del sistema educativo en Sonora, promoviendo la vinculaci\u00f3n, innovaci\u00f3n, el desarrollo tecnol\u00f3gico y la implementaci\u00f3n de modelos educativos adecuados a las necesidades del contexto regional y nacional, se estableci\u00f3 la Red de Vinculadores de Instituciones de Educaci\u00f3n Superior, anunci\u00f3 Froyl\u00e1n G\u00e1mez Gamboa. [&hellip;]<\/p>\n","protected":false},"author":2,"featured_media":211873,"comment_status":"closed","ping_status":"closed","sticky":false,"template":"","format":"standard","meta":{"footnotes":""},"categories":[12870,178],"tags":[12865,12869],"class_list":["post-211872","post","type-post","status-publish","format-standard","has-post-thumbnail","hentry","category-destacadas","category-local","tag-destacadas","tag-local"],"jetpack_featured_media_url":"https:\/\/rnoticias.com.mx\/Portal\/wp-content\/uploads\/2025\/03\/unnamed-19-5.jpg","amp_enabled":true,"_links":{"self":[{"href":"https:\/\/rnoticias.com.mx\/Portal\/wp-json\/wp\/v2\/posts\/211872","targetHints":{"allow":["GET"]}}],"collection":[{"href":"https:\/\/rnoticias.com.mx\/Portal\/wp-json\/wp\/v2\/posts"}],"about":[{"href":"https:\/\/rnoticias.com.mx\/Portal\/wp-json\/wp\/v2\/types\/post"}],"author":[{"embeddable":true,"href":"https:\/\/rnoticias.com.mx\/Portal\/wp-json\/wp\/v2\/users\/2"}],"replies":[{"embeddable":true,"href":"https:\/\/rnoticias.com.mx\/Portal\/wp-json\/wp\/v2\/comments?post=211872"}],"version-history":[{"count":1,"href":"https:\/\/rnoticias.com.mx\/Portal\/wp-json\/wp\/v2\/posts\/211872\/revisions"}],"predecessor-version":[{"id":211874,"href":"https:\/\/rnoticias.com.mx\/Portal\/wp-json\/wp\/v2\/posts\/211872\/revisions\/211874"}],"wp:featuredmedia":[{"embeddable":true,"href":"https:\/\/rnoticias.com.mx\/Portal\/wp-json\/wp\/v2\/media\/211873"}],"wp:attachment":[{"href":"https:\/\/rnoticias.com.mx\/Portal\/wp-json\/wp\/v2\/media?parent=211872"}],"wp:term":[{"taxonomy":"category","embeddable":true,"href":"https:\/\/rnoticias.com.mx\/Portal\/wp-json\/wp\/v2\/categories?post=211872"},{"taxonomy":"post_tag","embeddable":true,"href":"https:\/\/rnoticias.com.mx\/Portal\/wp-json\/wp\/v2\/tags?post=211872"}],"curies":[{"name":"wp","href":"https:\/\/api.w.org\/{rel}","templated":true}]}}