{"id":211859,"date":"2025-03-15T20:04:54","date_gmt":"2025-03-15T20:04:54","guid":{"rendered":"https:\/\/rnoticias.com.mx\/Portal\/?p=211859"},"modified":"2025-03-15T20:04:54","modified_gmt":"2025-03-15T20:04:54","slug":"cumple-tono-astiazaran-con-rehabilitacion-de-cruz-roja-villa-de-seris-seleccionada-en-presupuesto-creces","status":"publish","type":"post","link":"https:\/\/rnoticias.com.mx\/Portal\/2025\/03\/15\/cumple-tono-astiazaran-con-rehabilitacion-de-cruz-roja-villa-de-seris-seleccionada-en-presupuesto-creces\/","title":{"rendered":"Cumple To\u00f1o Astiazar\u00e1n con rehabilitaci\u00f3n de Cruz Roja Villa de Seris, seleccionada en presupuesto CRECES"},"content":{"rendered":"<p><b data-olk-copy-source=\"MessageBody\">Hermosillo, Sonora; 15 de marzo, 2025.-\u00a0<\/b>El presidente municipal Antonio Astiazar\u00e1n Guti\u00e9rrez encabez\u00f3 el arranque de los trabajos que har\u00e1n posible el reinicio de operaciones de la base Villa de Seris de Cruz Roja Hermosillo, proyecto de sector que obtuvo la mayor votaci\u00f3n del Presupuesto CRECES 2024, en el que se invertir\u00e1n 2 millones 269 mil 299 pesos.<\/p>\n<p aria-hidden=\"true\">\n<p>Residentes de colonias del sur, encabezados por Alonso Ahumada, presidente del comit\u00e9 CRECES de la colonia Piedra Bola y Mar\u00eda Azucena Murillo, vecina de la colonia El Jito, lo acompa\u00f1aron en el anuncio de esta obra que posibilitar\u00e1 la reapertura del lugar luego de que no operaba desde inicios de la pandemia en 2020.<\/p>\n<p aria-hidden=\"true\">\n<p>\u201cEse objetivo, que no es menor, de reducir el tiempo de respuesta de la Cruz Roja mexicana para asistir a cualquier familia ya va a ser posible en el sur de la ciudad, porque ustedes lo van a hacer posible\u201d, afirm\u00f3 To\u00f1o Astiazar\u00e1n.<\/p>\n<p aria-hidden=\"true\">\n<p>Sostuvo que el Presupuesto CRECES es un mecanismo de participaci\u00f3n ciudadana que naci\u00f3 a partir de la premisa de aplicar los recursos p\u00fablicos en las prioridades de la gente, que en este caso fue levantar las instalaciones de Cruz Roja en el sector.<\/p>\n<p aria-hidden=\"true\">\n<p>Afirm\u00f3 que la confianza ciudadana en el gobierno se construye a partir de la congruencia entre lo que se piensa, lo que se dice y lo que se hace. \u201c\u00bfPor qu\u00e9 se los platico eso?, porque ser\u00eda yo un mentiroso si vengo aqu\u00ed con ustedes y les dijera que se van a acabar los problemas de Hermosillo, o les dijera que se van a resolver todos los problemas que tenemos en el Sur de la ciudad, aqu\u00ed en la Piedra Bola, o Villa de Seris\u201d, expres\u00f3.<\/p>\n<p aria-hidden=\"true\">\n<p>Como invitado especial estuvo Samuel Ramos S\u00e1nchez, coordinador local de la Cruz Roja, quien comparti\u00f3 que un 11% de los servicios prehospitalarios que proporciona la instituci\u00f3n son en el sector sur de la ciudad, que actualmente se atiende desde la base Centro.<\/p>\n<p aria-hidden=\"true\">\n<p>Se refiri\u00f3 a la reapertura de la Base Villa de Seris como un objetivo muy esperado al que ya le lleg\u00f3 la hora de hacerse realidad, gracias a que as\u00ed lo quiso la gente a trav\u00e9s del Presupuesto Participativo CRECES.<\/p>\n<p aria-hidden=\"true\">\n<p>Participaron tambi\u00e9n C\u00e9sar Rub\u00e9n Rasc\u00f3n, director del Consejo Municipal de Concertaci\u00f3n de la Obra P\u00fablica (CMCOP); Daniel Garc\u00eda Escalante, director general de Participaci\u00f3n Ciudadana, las regidoras Dulce Robles, M\u00f3nica Robles, Teresita Gallego y el regidor Antonio Contreras Hermosillo.<\/p>\n<p><b>\u00a0<\/b><\/p>\n<p><b>DATOS DE OBRA<\/b><\/p>\n<p aria-hidden=\"true\">\n<p>Rehabilitaci\u00f3n de la base de Cruz Roja Villa de Seris incluye:<\/p>\n<p aria-hidden=\"true\">\n<p>-Remodelaci\u00f3n de fachada<\/p>\n<p>-Construcci\u00f3n de recepci\u00f3n y \u00e1rea de atenci\u00f3n<\/p>\n<p>-Rehabilitaci\u00f3n de instalaci\u00f3n el\u00e9ctrica e hidrosanitaria<\/p>\n<p>-Rehabilitaci\u00f3n de muros, techumbre y acceso vehicular del patio de ambulancias<\/p>\n<p>-Construcci\u00f3n de banqueta con gu\u00eda podo t\u00e1ctil, andadores y rampa<\/p>\n<p>-Total de inversi\u00f3n:\u00a0\u00a0\u00a0 $2 millones 269 mil 299 pesos<\/p>\n","protected":false},"excerpt":{"rendered":"<p>Hermosillo, Sonora; 15 de marzo, 2025.-\u00a0El presidente municipal Antonio Astiazar\u00e1n Guti\u00e9rrez encabez\u00f3 el arranque de los trabajos que har\u00e1n posible el reinicio de operaciones de la base Villa de Seris de Cruz Roja Hermosillo, proyecto de sector que obtuvo la mayor votaci\u00f3n del Presupuesto CRECES 2024, en el que se invertir\u00e1n 2 millones 269 mil [&hellip;]<\/p>\n","protected":false},"author":2,"featured_media":211860,"comment_status":"closed","ping_status":"closed","sticky":false,"template":"","format":"standard","meta":{"footnotes":""},"categories":[12870,178],"tags":[12865,12869],"class_list":["post-211859","post","type-post","status-publish","format-standard","has-post-thumbnail","hentry","category-destacadas","category-local","tag-destacadas","tag-local"],"jetpack_featured_media_url":"https:\/\/rnoticias.com.mx\/Portal\/wp-content\/uploads\/2025\/03\/Cumple-Tono-Astiazaran-con-rehabilitacion-de-Cruz-Roja-Villa-de-Seris-seleccionada-en-presupuesto-CRECES3-scaled.jpeg","amp_enabled":true,"_links":{"self":[{"href":"https:\/\/rnoticias.com.mx\/Portal\/wp-json\/wp\/v2\/posts\/211859","targetHints":{"allow":["GET"]}}],"collection":[{"href":"https:\/\/rnoticias.com.mx\/Portal\/wp-json\/wp\/v2\/posts"}],"about":[{"href":"https:\/\/rnoticias.com.mx\/Portal\/wp-json\/wp\/v2\/types\/post"}],"author":[{"embeddable":true,"href":"https:\/\/rnoticias.com.mx\/Portal\/wp-json\/wp\/v2\/users\/2"}],"replies":[{"embeddable":true,"href":"https:\/\/rnoticias.com.mx\/Portal\/wp-json\/wp\/v2\/comments?post=211859"}],"version-history":[{"count":1,"href":"https:\/\/rnoticias.com.mx\/Portal\/wp-json\/wp\/v2\/posts\/211859\/revisions"}],"predecessor-version":[{"id":211861,"href":"https:\/\/rnoticias.com.mx\/Portal\/wp-json\/wp\/v2\/posts\/211859\/revisions\/211861"}],"wp:featuredmedia":[{"embeddable":true,"href":"https:\/\/rnoticias.com.mx\/Portal\/wp-json\/wp\/v2\/media\/211860"}],"wp:attachment":[{"href":"https:\/\/rnoticias.com.mx\/Portal\/wp-json\/wp\/v2\/media?parent=211859"}],"wp:term":[{"taxonomy":"category","embeddable":true,"href":"https:\/\/rnoticias.com.mx\/Portal\/wp-json\/wp\/v2\/categories?post=211859"},{"taxonomy":"post_tag","embeddable":true,"href":"https:\/\/rnoticias.com.mx\/Portal\/wp-json\/wp\/v2\/tags?post=211859"}],"curies":[{"name":"wp","href":"https:\/\/api.w.org\/{rel}","templated":true}]}}