{"id":211856,"date":"2025-03-15T19:27:46","date_gmt":"2025-03-15T19:27:46","guid":{"rendered":"https:\/\/rnoticias.com.mx\/Portal\/?p=211856"},"modified":"2025-03-15T19:27:46","modified_gmt":"2025-03-15T19:27:46","slug":"firman-importante-convenio-ine-sonora-y-el-ieeypc","status":"publish","type":"post","link":"https:\/\/rnoticias.com.mx\/Portal\/2025\/03\/15\/firman-importante-convenio-ine-sonora-y-el-ieeypc\/","title":{"rendered":"Firman importante convenio INE Sonora y el IEEyPC"},"content":{"rendered":"<p class=\"x_MsoNormal\"><span data-olk-copy-source=\"MessageBody\">Con el fin de establecer las bases de coordinaci\u00f3n para hacer efectiva la realizaci\u00f3n de la elecci\u00f3n extraordinaria del Poder Judicial de la Federaci\u00f3n y del Proceso Electoral Extraordinario para la elecci\u00f3n del Poder Judicial Local 2024-2025, cuya jornada electoral concurrente se celebrar\u00e1 el 1\u00b0 de junio de 2025, el Instituto Nacional Electoral (INE) en el Estado de Sonora y el Instituto Estatal Electoral y de Participaci\u00f3n Ciudadana (IEE Sonora) firmaron un Convenio General de Coordinaci\u00f3n y Colaboraci\u00f3n.<\/span><\/p>\n<p class=\"x_MsoNormal\"><b>\u00a0<\/b><\/p>\n<p class=\"x_MsoNormal\">El Convenio fue asistido por Ver\u00f3nica Sandoval Casta\u00f1eda, presidenta consejera del Conejo Local del INE Sonora y suscrito por el\u00a0consejero presidente del IEE Sonora,\u00a0Nery Ruiz Arvizu y en representaci\u00f3n de la Direcci\u00f3n Ejecutiva de Asuntos Jur\u00eddicos el C. Nicol\u00e1s Asis Hern\u00e1ndez Diaz.<\/p>\n<p class=\"x_MsoNormal\">\n<p class=\"x_MsoNormal\">El acuerdo establece\u00a0las bases de coordinaci\u00f3n entre las autoridades electorales para hacer efectiva la realizaci\u00f3n del Proceso Electoral Extraordinario del Poder Judicial Local (PEEPJL) 2024-2025\u201d, respetando el \u00e1mbito de sus respectivas competencias y estableciendo las reglas y procedimientos para la Jornada Electoral que se celebrar\u00e1 el 1\u00b0 de junio de 2025 en el estado.<\/p>\n<p class=\"x_MsoNormal\"><b>\u00a0<\/b><\/p>\n<p>Asimismo, asienta las responsabilidades y los mecanismos de comunicaci\u00f3n, as\u00ed como la coordinaci\u00f3n en la organizaci\u00f3n y desarrollo del proceso electoral extraordinario.<\/p>\n<p>&nbsp;<\/p>\n<p>Entre los temas sustanciales, este convenio se centra en la colaboraci\u00f3n constante de las autoridades electorales para: integraci\u00f3n de los \u00f3rganos desconcentrados del IEE Sonora; promoci\u00f3n de campa\u00f1as de actualizaci\u00f3n y credencializaci\u00f3n; establecer las directrices para la capacitaci\u00f3n y asistencia electoral; determinaci\u00f3n del n\u00famero, tipo y ubicaci\u00f3n de las casillas seccionales \u00fanicas que se instalar\u00e1n el d\u00eda de la jornada electoral; producci\u00f3n de materiales electorales que se utilizar\u00e1n para la elecci\u00f3n de diversos cargos del Poder Judicial Local del estado; acreditaci\u00f3n de la ciudadan\u00eda interesada en participar como observadora u observador electoral; plazos para las actividades de fiscalizaci\u00f3n de los ingresos y egresos de las personas candidatas a juzgadoras; entre otros.<\/p>\n<p>&nbsp;<\/p>\n<p class=\"x_MsoNormal\">La importancia de esta colaboraci\u00f3n garantizar\u00e1\u00a0ofrecer a la ciudadan\u00eda un esfuerzo conjunto que eleve la calidad y eficacia de la democracia electoral en nuestro pa\u00eds, optimizando los recursos humanos y materiales a disposici\u00f3n de ambas autoridades, bajo el estricto apego al marco constitucional y legal.<\/p>\n<p class=\"x_MsoNormal\">\n<p class=\"x_MsoNormal\">Durante la firma, estuvieron presentes las y los consejeros electorales del IEE Sonora, las y los vocales de la Junta Local Ejecutiva del INE en Sonora y medios de comunicaci\u00f3n de la entidad.<\/p>\n<p class=\"x_MsoNormal\">\n","protected":false},"excerpt":{"rendered":"<p>Con el fin de establecer las bases de coordinaci\u00f3n para hacer efectiva la realizaci\u00f3n de la elecci\u00f3n extraordinaria del Poder Judicial de la Federaci\u00f3n y del Proceso Electoral Extraordinario para la elecci\u00f3n del Poder Judicial Local 2024-2025, cuya jornada electoral concurrente se celebrar\u00e1 el 1\u00b0 de junio de 2025, el Instituto Nacional Electoral (INE) en [&hellip;]<\/p>\n","protected":false},"author":2,"featured_media":211857,"comment_status":"closed","ping_status":"closed","sticky":false,"template":"","format":"standard","meta":{"footnotes":""},"categories":[12870,178],"tags":[12865,12869],"class_list":["post-211856","post","type-post","status-publish","format-standard","has-post-thumbnail","hentry","category-destacadas","category-local","tag-destacadas","tag-local"],"jetpack_featured_media_url":"https:\/\/rnoticias.com.mx\/Portal\/wp-content\/uploads\/2025\/03\/Sonora-Bol-15-1-scaled.jpg","amp_enabled":true,"_links":{"self":[{"href":"https:\/\/rnoticias.com.mx\/Portal\/wp-json\/wp\/v2\/posts\/211856","targetHints":{"allow":["GET"]}}],"collection":[{"href":"https:\/\/rnoticias.com.mx\/Portal\/wp-json\/wp\/v2\/posts"}],"about":[{"href":"https:\/\/rnoticias.com.mx\/Portal\/wp-json\/wp\/v2\/types\/post"}],"author":[{"embeddable":true,"href":"https:\/\/rnoticias.com.mx\/Portal\/wp-json\/wp\/v2\/users\/2"}],"replies":[{"embeddable":true,"href":"https:\/\/rnoticias.com.mx\/Portal\/wp-json\/wp\/v2\/comments?post=211856"}],"version-history":[{"count":1,"href":"https:\/\/rnoticias.com.mx\/Portal\/wp-json\/wp\/v2\/posts\/211856\/revisions"}],"predecessor-version":[{"id":211858,"href":"https:\/\/rnoticias.com.mx\/Portal\/wp-json\/wp\/v2\/posts\/211856\/revisions\/211858"}],"wp:featuredmedia":[{"embeddable":true,"href":"https:\/\/rnoticias.com.mx\/Portal\/wp-json\/wp\/v2\/media\/211857"}],"wp:attachment":[{"href":"https:\/\/rnoticias.com.mx\/Portal\/wp-json\/wp\/v2\/media?parent=211856"}],"wp:term":[{"taxonomy":"category","embeddable":true,"href":"https:\/\/rnoticias.com.mx\/Portal\/wp-json\/wp\/v2\/categories?post=211856"},{"taxonomy":"post_tag","embeddable":true,"href":"https:\/\/rnoticias.com.mx\/Portal\/wp-json\/wp\/v2\/tags?post=211856"}],"curies":[{"name":"wp","href":"https:\/\/api.w.org\/{rel}","templated":true}]}}