{"id":211850,"date":"2025-03-15T18:24:27","date_gmt":"2025-03-15T18:24:27","guid":{"rendered":"https:\/\/rnoticias.com.mx\/Portal\/?p=211850"},"modified":"2025-03-15T18:24:27","modified_gmt":"2025-03-15T18:24:27","slug":"suma-imss-en-sonora-la-contratacion-de-448-medicos-especialistas","status":"publish","type":"post","link":"https:\/\/rnoticias.com.mx\/Portal\/2025\/03\/15\/suma-imss-en-sonora-la-contratacion-de-448-medicos-especialistas\/","title":{"rendered":"Suma IMSS en Sonora la contrataci\u00f3n de 448 m\u00e9dicos especialistas"},"content":{"rendered":"<div>El Instituto Mexicano del Seguro Social (IMSS) en Sonora logr\u00f3 sumar 448 m\u00e9dicas y m\u00e9dicos especialistas a su plantilla laboral durante el pasado draft realizado en la Ciudad de M\u00e9xico, lo cual permitir\u00e1 el fortalecimiento de las unidades m\u00e9dicas y hospitalarias, al contar con m\u00e1s profesionales de la salud que brinden una atenci\u00f3n de calidad a la poblaci\u00f3n derechohabiente.<\/div>\n<div><\/div>\n<div>La titular del IMSS en Sonora, doctora. Ang\u00e9lica Mariel Mart\u00ednez L\u00f3pez, destac\u00f3 que los m\u00e9dicos reclutados en el draft llegar\u00e1n al estado a otorgar atenci\u00f3n en 36 diferentes especialidades y con ello, se contempla reducir los tiempos de espera para la programaci\u00f3n de consultas, estudios e intervenciones quir\u00fargicas.<\/div>\n<div><\/div>\n<div>\u201cLos m\u00e9dicos especialistas llegar\u00e1n a fortalecer el servicio en las Unidades de Medicina Familiar y Hospitales en los municipios de Navojoa, Ciudad Obreg\u00f3n, Guaymas, Hermosillo, Nogales, Caborca, Agua Prieta y Nacozari, donde adem\u00e1s se suman 18 profesionales de la salud que continuar\u00e1n en nuestros estado prepar\u00e1ndose al realizar una subespecialidad\u201d, subray\u00f3.<\/div>\n<div><\/div>\n<div>Los m\u00e9dicos captados para Sonora atender\u00e1n las especialidades de Urgencias; Anatom\u00eda Patol\u00f3gica; Anestesiolog\u00eda; Angiolog\u00eda y Cirug\u00eda Cardiovascular; Audiolog\u00eda; Calidad de la Atenci\u00f3n Cl\u00ednica; Cardiolog\u00eda; Cirug\u00eda Cardiotor\u00e1cica; Cirug\u00eda General; Cirug\u00eda Pedi\u00e1trica; Dermatolog\u00eda; Endoscop\u00eda; Epidemiolog\u00eda; Gen\u00e9tica; Geriatr\u00eda; Ginecolog\u00eda y Obstetricia; Hematolog\u00eda Pedi\u00e1trica y Medicina Familiar.<\/div>\n<div><\/div>\n<div>Asimismo, Medicina F\u00edsica y Rehabilitaci\u00f3n; Medicina Interna; Medicina Nuclear; Nefr\u00f3logo; Neumolog\u00eda; Neurolog\u00eda; Neurocirug\u00eda; Oftalmolog\u00eda; Oncolog\u00eda Quir\u00fargica; Otorrinolaringolog\u00eda; Pediatr\u00eda M\u00e9dica; Radiodiagn\u00f3stico; Salud en el Trabajo; Terapia Intensiva; Traumatolog\u00eda y Ortopedia; Urolog\u00eda y Urgencias Pedi\u00e1tricas.<\/div>\n","protected":false},"excerpt":{"rendered":"<p>El Instituto Mexicano del Seguro Social (IMSS) en Sonora logr\u00f3 sumar 448 m\u00e9dicas y m\u00e9dicos especialistas a su plantilla laboral durante el pasado draft realizado en la Ciudad de M\u00e9xico, lo cual permitir\u00e1 el fortalecimiento de las unidades m\u00e9dicas y hospitalarias, al contar con m\u00e1s profesionales de la salud que brinden una atenci\u00f3n de calidad [&hellip;]<\/p>\n","protected":false},"author":2,"featured_media":211851,"comment_status":"closed","ping_status":"closed","sticky":false,"template":"","format":"standard","meta":{"footnotes":""},"categories":[12870,174],"tags":[12865,12873],"class_list":["post-211850","post","type-post","status-publish","format-standard","has-post-thumbnail","hentry","category-destacadas","category-estatal","tag-destacadas","tag-estatal"],"jetpack_featured_media_url":"https:\/\/rnoticias.com.mx\/Portal\/wp-content\/uploads\/2025\/03\/1-3-1.jpeg","amp_enabled":true,"_links":{"self":[{"href":"https:\/\/rnoticias.com.mx\/Portal\/wp-json\/wp\/v2\/posts\/211850","targetHints":{"allow":["GET"]}}],"collection":[{"href":"https:\/\/rnoticias.com.mx\/Portal\/wp-json\/wp\/v2\/posts"}],"about":[{"href":"https:\/\/rnoticias.com.mx\/Portal\/wp-json\/wp\/v2\/types\/post"}],"author":[{"embeddable":true,"href":"https:\/\/rnoticias.com.mx\/Portal\/wp-json\/wp\/v2\/users\/2"}],"replies":[{"embeddable":true,"href":"https:\/\/rnoticias.com.mx\/Portal\/wp-json\/wp\/v2\/comments?post=211850"}],"version-history":[{"count":1,"href":"https:\/\/rnoticias.com.mx\/Portal\/wp-json\/wp\/v2\/posts\/211850\/revisions"}],"predecessor-version":[{"id":211852,"href":"https:\/\/rnoticias.com.mx\/Portal\/wp-json\/wp\/v2\/posts\/211850\/revisions\/211852"}],"wp:featuredmedia":[{"embeddable":true,"href":"https:\/\/rnoticias.com.mx\/Portal\/wp-json\/wp\/v2\/media\/211851"}],"wp:attachment":[{"href":"https:\/\/rnoticias.com.mx\/Portal\/wp-json\/wp\/v2\/media?parent=211850"}],"wp:term":[{"taxonomy":"category","embeddable":true,"href":"https:\/\/rnoticias.com.mx\/Portal\/wp-json\/wp\/v2\/categories?post=211850"},{"taxonomy":"post_tag","embeddable":true,"href":"https:\/\/rnoticias.com.mx\/Portal\/wp-json\/wp\/v2\/tags?post=211850"}],"curies":[{"name":"wp","href":"https:\/\/api.w.org\/{rel}","templated":true}]}}