{"id":211844,"date":"2025-03-15T18:22:25","date_gmt":"2025-03-15T18:22:25","guid":{"rendered":"https:\/\/rnoticias.com.mx\/Portal\/?p=211844"},"modified":"2025-03-15T18:22:25","modified_gmt":"2025-03-15T18:22:25","slug":"el-tecnologico-de-monterrey-campus-sonora-norte-invita-al-open-campus-2025-un-encuentro-de-innovacion-y-aprendizaje","status":"publish","type":"post","link":"https:\/\/rnoticias.com.mx\/Portal\/2025\/03\/15\/el-tecnologico-de-monterrey-campus-sonora-norte-invita-al-open-campus-2025-un-encuentro-de-innovacion-y-aprendizaje\/","title":{"rendered":"El Tecnol\u00f3gico de Monterrey campus Sonora Norte invita al Open Campus 2025: Un encuentro de innovaci\u00f3n y aprendizaje"},"content":{"rendered":"<p style=\"text-align: justify;\"><span style=\"color: black;\">El Tecnol\u00f3gico de Monterrey, Campus Sonora Norte, reafirma su compromiso con la comunidad sonorense a trav\u00e9s de la quinta edici\u00f3n de <i>Open Campus 2025<\/i>, un evento que abrir\u00e1 sus puertas del martes 18 al jueves 20 de marzo para compartir su modelo educativo y visi\u00f3n con el p\u00fablico en general.<\/span><\/p>\n<p style=\"text-align: justify;\"><span style=\"color: black;\">La doctora Diana Ur\u00edas Borb\u00f3n, decana Noroeste de la Escuela de Arquitectura, Arte y Dise\u00f1o (EAAD), destac\u00f3 que esta edici\u00f3n busca fomentar la interacci\u00f3n entre expertos y estudiantes en el desarrollo de proyectos con un impacto positivo en la sociedad.<\/span><\/p>\n<p style=\"text-align: justify;\"><span style=\"color: black;\">Durante tres d\u00edas, los asistentes podr\u00e1n participar en una amplia variedad de actividades, como talleres, conferencias, charlas y din\u00e1micas interactivas. Estos eventos se llevar\u00e1n a cabo en distintos puntos del Centro Hist\u00f3rico de Hermosillo, incluyendo la Plaza Zaragoza, el boulevard Hidalgo, Plaza Londres y diversos caf\u00e9s de la zona, brindando una experiencia \u00fanica y de acceso gratuito para toda la comunidad.<\/span><\/p>\n<p style=\"text-align: justify;\"><span style=\"color: black;\">El evento concluir\u00e1 el viernes 21 de marzo con la Gala de la Escuela de Arquitectura, Arte y Dise\u00f1o en el Museo de Arte de Sonora (MUSAS) donde se presentar\u00e1n los proyectos m\u00e1s destacados de los estudiantes.<\/span><\/p>\n<p style=\"text-align: justify;\"><span style=\"color: black;\">A trav\u00e9s de estos espacios de encuentro, el Tecnol\u00f3gico de Monterrey busca fortalecer la conexi\u00f3n con la comunidad de Hermosillo, abordando temas de gran relevancia como la Inteligencia Artificial y su impacto en la sociedad.<\/span><\/p>\n<p style=\"text-align: justify;\"><span style=\"color: black;\">Si est\u00e1s interesado en asistir a alguna de las actividades puedes registrarte completamente gratis en el sitio web<span class=\"apple-converted-space\">\u00a0<\/span>http:\/\/bit.ly\/Opencampus25<span class=\"apple-converted-space\">\u00a0<\/span>y seguir las redes sociales del Tecnol\u00f3gico de Monterrey, Campus Sonora Norte.<\/span><\/p>\n","protected":false},"excerpt":{"rendered":"<p>El Tecnol\u00f3gico de Monterrey, Campus Sonora Norte, reafirma su compromiso con la comunidad sonorense a trav\u00e9s de la quinta edici\u00f3n de Open Campus 2025, un evento que abrir\u00e1 sus puertas del martes 18 al jueves 20 de marzo para compartir su modelo educativo y visi\u00f3n con el p\u00fablico en general. La doctora Diana Ur\u00edas Borb\u00f3n, [&hellip;]<\/p>\n","protected":false},"author":2,"featured_media":211845,"comment_status":"closed","ping_status":"closed","sticky":false,"template":"","format":"standard","meta":{"footnotes":""},"categories":[12870,178],"tags":[12865,12869],"class_list":["post-211844","post","type-post","status-publish","format-standard","has-post-thumbnail","hentry","category-destacadas","category-local","tag-destacadas","tag-local"],"jetpack_featured_media_url":"https:\/\/rnoticias.com.mx\/Portal\/wp-content\/uploads\/2025\/03\/OpenCampus2025-1.jpeg","amp_enabled":true,"_links":{"self":[{"href":"https:\/\/rnoticias.com.mx\/Portal\/wp-json\/wp\/v2\/posts\/211844","targetHints":{"allow":["GET"]}}],"collection":[{"href":"https:\/\/rnoticias.com.mx\/Portal\/wp-json\/wp\/v2\/posts"}],"about":[{"href":"https:\/\/rnoticias.com.mx\/Portal\/wp-json\/wp\/v2\/types\/post"}],"author":[{"embeddable":true,"href":"https:\/\/rnoticias.com.mx\/Portal\/wp-json\/wp\/v2\/users\/2"}],"replies":[{"embeddable":true,"href":"https:\/\/rnoticias.com.mx\/Portal\/wp-json\/wp\/v2\/comments?post=211844"}],"version-history":[{"count":1,"href":"https:\/\/rnoticias.com.mx\/Portal\/wp-json\/wp\/v2\/posts\/211844\/revisions"}],"predecessor-version":[{"id":211846,"href":"https:\/\/rnoticias.com.mx\/Portal\/wp-json\/wp\/v2\/posts\/211844\/revisions\/211846"}],"wp:featuredmedia":[{"embeddable":true,"href":"https:\/\/rnoticias.com.mx\/Portal\/wp-json\/wp\/v2\/media\/211845"}],"wp:attachment":[{"href":"https:\/\/rnoticias.com.mx\/Portal\/wp-json\/wp\/v2\/media?parent=211844"}],"wp:term":[{"taxonomy":"category","embeddable":true,"href":"https:\/\/rnoticias.com.mx\/Portal\/wp-json\/wp\/v2\/categories?post=211844"},{"taxonomy":"post_tag","embeddable":true,"href":"https:\/\/rnoticias.com.mx\/Portal\/wp-json\/wp\/v2\/tags?post=211844"}],"curies":[{"name":"wp","href":"https:\/\/api.w.org\/{rel}","templated":true}]}}