{"id":211832,"date":"2025-03-15T18:06:08","date_gmt":"2025-03-15T18:06:08","guid":{"rendered":"https:\/\/rnoticias.com.mx\/Portal\/?p=211832"},"modified":"2025-03-15T18:06:08","modified_gmt":"2025-03-15T18:06:08","slug":"gobierno-de-sonora-realiza-actividades-en-el-marco-del-dia-internacional-de-las-mujeres","status":"publish","type":"post","link":"https:\/\/rnoticias.com.mx\/Portal\/2025\/03\/15\/gobierno-de-sonora-realiza-actividades-en-el-marco-del-dia-internacional-de-las-mujeres\/","title":{"rendered":"Gobierno de Sonora realiza actividades en el marco del D\u00eda Internacional de las Mujeres"},"content":{"rendered":"<p>Hermosillo, Sonora; 15 de marzo de 2025. \u2013 En el marco del D\u00eda Internacional de las Mujeres, el Gobierno del Estado, a trav\u00e9s del Sistema DIF Sonora, ofreci\u00f3 a servidoras p\u00fablicas la conferencia \u201cTransitando del autoconcepto al amor propio: Aceptaci\u00f3n de la imagen corporal de las mujeres\u201d, impartida por la especialista, Mariel Michessedett Montes Castillo.<\/p>\n<p>Durante su exposici\u00f3n, Montes Castillo habl\u00f3 sobre la constante presi\u00f3n social que enfrentan las mujeres para ajustarse a est\u00e1ndares de belleza impuestos, as\u00ed como sobre la importancia de la autoaceptaci\u00f3n y el amor propio.<\/p>\n<p>En su mensaje de bienvenida, la presidenta honoraria de DIF Sonora, Roc\u00edo Ch\u00e1vez Murillo, destac\u00f3 la relevancia de generar espacios de reflexi\u00f3n que contribuyan al bienestar de las mujeres.<\/p>\n<p>Por su parte, la directora general de la instituci\u00f3n, Lizeth V\u00e1squez Ochoa, subray\u00f3 que las causas de las mujeres han sido motor de los cambios sociales m\u00e1s significativos y que cada avance, por peque\u00f1o que parezca, representa un paso hacia una vida m\u00e1s justa para todas.<\/p>\n<p>Adem\u00e1s, resalt\u00f3 la paridad de g\u00e9nero en el gobierno estatal y celebr\u00f3 la hist\u00f3rica representaci\u00f3n de la primera mujer presidenta de la Rep\u00fablica.<\/p>\n<p>\u201cAprovecho la ocasi\u00f3n para reconocer al gobernador Alfonso Durazo, un aliado indiscutible de las mujeres, tanto de quienes nos dedicamos al servicio p\u00fablico como de aquellas a quienes servimos. El Gobierno de Sonora no ha escatimado recursos en programas y servicios institucionales que benefician a ni\u00f1as, adolescentes, mujeres adultas y mujeres mayores\u201d, destac\u00f3.<\/p>\n<p>Finalmente, enfatiz\u00f3 que el verdadero cambio en esta etapa radica en la corresponsabilidad y la justa distribuci\u00f3n de las tareas de cuidado, fundamentales para construir una sociedad m\u00e1s equitativa.<\/p>\n","protected":false},"excerpt":{"rendered":"<p>Hermosillo, Sonora; 15 de marzo de 2025. \u2013 En el marco del D\u00eda Internacional de las Mujeres, el Gobierno del Estado, a trav\u00e9s del Sistema DIF Sonora, ofreci\u00f3 a servidoras p\u00fablicas la conferencia \u201cTransitando del autoconcepto al amor propio: Aceptaci\u00f3n de la imagen corporal de las mujeres\u201d, impartida por la especialista, Mariel Michessedett Montes Castillo. [&hellip;]<\/p>\n","protected":false},"author":2,"featured_media":211833,"comment_status":"closed","ping_status":"closed","sticky":false,"template":"","format":"standard","meta":{"footnotes":""},"categories":[12870,178],"tags":[12865,12869],"class_list":["post-211832","post","type-post","status-publish","format-standard","has-post-thumbnail","hentry","category-destacadas","category-local","tag-destacadas","tag-local"],"jetpack_featured_media_url":"https:\/\/rnoticias.com.mx\/Portal\/wp-content\/uploads\/2025\/03\/unnamed-1-25.jpg","amp_enabled":true,"_links":{"self":[{"href":"https:\/\/rnoticias.com.mx\/Portal\/wp-json\/wp\/v2\/posts\/211832","targetHints":{"allow":["GET"]}}],"collection":[{"href":"https:\/\/rnoticias.com.mx\/Portal\/wp-json\/wp\/v2\/posts"}],"about":[{"href":"https:\/\/rnoticias.com.mx\/Portal\/wp-json\/wp\/v2\/types\/post"}],"author":[{"embeddable":true,"href":"https:\/\/rnoticias.com.mx\/Portal\/wp-json\/wp\/v2\/users\/2"}],"replies":[{"embeddable":true,"href":"https:\/\/rnoticias.com.mx\/Portal\/wp-json\/wp\/v2\/comments?post=211832"}],"version-history":[{"count":1,"href":"https:\/\/rnoticias.com.mx\/Portal\/wp-json\/wp\/v2\/posts\/211832\/revisions"}],"predecessor-version":[{"id":211834,"href":"https:\/\/rnoticias.com.mx\/Portal\/wp-json\/wp\/v2\/posts\/211832\/revisions\/211834"}],"wp:featuredmedia":[{"embeddable":true,"href":"https:\/\/rnoticias.com.mx\/Portal\/wp-json\/wp\/v2\/media\/211833"}],"wp:attachment":[{"href":"https:\/\/rnoticias.com.mx\/Portal\/wp-json\/wp\/v2\/media?parent=211832"}],"wp:term":[{"taxonomy":"category","embeddable":true,"href":"https:\/\/rnoticias.com.mx\/Portal\/wp-json\/wp\/v2\/categories?post=211832"},{"taxonomy":"post_tag","embeddable":true,"href":"https:\/\/rnoticias.com.mx\/Portal\/wp-json\/wp\/v2\/tags?post=211832"}],"curies":[{"name":"wp","href":"https:\/\/api.w.org\/{rel}","templated":true}]}}