{"id":211755,"date":"2025-03-14T20:05:56","date_gmt":"2025-03-14T20:05:56","guid":{"rendered":"https:\/\/rnoticias.com.mx\/Portal\/?p=211755"},"modified":"2025-03-14T20:05:56","modified_gmt":"2025-03-14T20:05:56","slug":"la-chamarra-de-aleska-genesis-se-agota-tras-viralizarse-su-detencion","status":"publish","type":"post","link":"https:\/\/rnoticias.com.mx\/Portal\/2025\/03\/14\/la-chamarra-de-aleska-genesis-se-agota-tras-viralizarse-su-detencion\/","title":{"rendered":"La chamarra de Aleska G\u00e9nesis se agota tras viralizarse su detenci\u00f3n"},"content":{"rendered":"<p>Despu\u00e9s de ser eliminada del reality show<strong>\u00a0&#8220;La Casa de los Famosos All Stars&#8221;<\/strong>,\u00a0<strong>la modelo e\u00a0influencer\u00a0Aleska\u00a0G\u00e9nesis fue arrestada por la Fiscal\u00eda General de Justicia del Estado de M\u00e9xico, acusada de robo.<\/strong><\/p>\n<p>Posteriormente, se revel\u00f3 que la detenci\u00f3n de Aleska no era un incidente aislado, ya que la tambi\u00e9n empresaria hab\u00eda sido arrestada a principios de 2024 al llegar a M\u00e9xico, debido a que ten\u00eda una alerta migratoria.<\/p>\n<p>Fue el reportero Carlos Jim\u00e9nez, quien comparti\u00f3 fotos de su detenci\u00f3n, indicando que\u00a0<strong>G\u00e9nesis estaba relacionada con la banda criminal conocida como &#8220;Los Castellanos&#8221;, un grupo dedicado al robo de relojes de lujo y estafas.<\/strong><\/p>\n<p>Este hecho gener\u00f3 una gran atenci\u00f3n medi\u00e1tica en el caso y provoc\u00f3 que las im\u00e1genes de la detenci\u00f3n de la modelo se viralizaran por redes sociales. Sin embargo, un detalle que captur\u00f3 de inmediato la atenci\u00f3n de los internautas fue la ropa que usaba, motivo por el cual, a pocas horas de su aprehensi\u00f3n la chamarra que vest\u00eda G\u00e9nesis se agot\u00f3 en l\u00ednea.<\/p>\n<h2>\u00bfCu\u00e1nto cuesta la chamarra de Aleska G\u00e9nesis?<\/h2>\n<p>La chamarra en colores pastel con estampado de corazones que portaba la modelo al momento de su detenci\u00f3n, llam\u00f3 la atenci\u00f3n de los usuarios que vieron las fotos virales.<\/p>\n<p>Asimismo, el fen\u00f3meno ocasionado por Aleska provoc\u00f3 que adem\u00e1s de apreciar la prenda, decenas de personas compraran el modelo llamado Appliqu\u00e9 Hearts Woven Puffer de la marca californiana ERL.<\/p>\n<p><strong>Esta prenda es vendida por la boutique\u00a0Saks\u00a0Fifth\u00a0Avenue\u00a0con un costo de $26,302 pesos, sin embargo los amantes de la moda encontraron la chamarra con un descuento del 83%, por lo que su valor total fue de $4,462 provocando que r\u00e1pidamente se agotara.<\/strong><\/p>\n","protected":false},"excerpt":{"rendered":"<p>Despu\u00e9s de ser eliminada del reality show\u00a0&#8220;La Casa de los Famosos All Stars&#8221;,\u00a0la modelo e\u00a0influencer\u00a0Aleska\u00a0G\u00e9nesis fue arrestada por la Fiscal\u00eda General de Justicia del Estado de M\u00e9xico, acusada de robo. Posteriormente, se revel\u00f3 que la detenci\u00f3n de Aleska no era un incidente aislado, ya que la tambi\u00e9n empresaria hab\u00eda sido arrestada a principios de 2024 [&hellip;]<\/p>\n","protected":false},"author":2,"featured_media":211756,"comment_status":"closed","ping_status":"closed","sticky":false,"template":"","format":"standard","meta":{"footnotes":""},"categories":[12870,219],"tags":[12865,12875],"class_list":["post-211755","post","type-post","status-publish","format-standard","has-post-thumbnail","hentry","category-destacadas","category-espectaculos","tag-destacadas","tag-espectaculos"],"jetpack_featured_media_url":"https:\/\/rnoticias.com.mx\/Portal\/wp-content\/uploads\/2025\/03\/jornada-6-del-Clausura-2025-2025-03-14T095243.127-780x470.png.webp","amp_enabled":true,"_links":{"self":[{"href":"https:\/\/rnoticias.com.mx\/Portal\/wp-json\/wp\/v2\/posts\/211755","targetHints":{"allow":["GET"]}}],"collection":[{"href":"https:\/\/rnoticias.com.mx\/Portal\/wp-json\/wp\/v2\/posts"}],"about":[{"href":"https:\/\/rnoticias.com.mx\/Portal\/wp-json\/wp\/v2\/types\/post"}],"author":[{"embeddable":true,"href":"https:\/\/rnoticias.com.mx\/Portal\/wp-json\/wp\/v2\/users\/2"}],"replies":[{"embeddable":true,"href":"https:\/\/rnoticias.com.mx\/Portal\/wp-json\/wp\/v2\/comments?post=211755"}],"version-history":[{"count":1,"href":"https:\/\/rnoticias.com.mx\/Portal\/wp-json\/wp\/v2\/posts\/211755\/revisions"}],"predecessor-version":[{"id":211757,"href":"https:\/\/rnoticias.com.mx\/Portal\/wp-json\/wp\/v2\/posts\/211755\/revisions\/211757"}],"wp:featuredmedia":[{"embeddable":true,"href":"https:\/\/rnoticias.com.mx\/Portal\/wp-json\/wp\/v2\/media\/211756"}],"wp:attachment":[{"href":"https:\/\/rnoticias.com.mx\/Portal\/wp-json\/wp\/v2\/media?parent=211755"}],"wp:term":[{"taxonomy":"category","embeddable":true,"href":"https:\/\/rnoticias.com.mx\/Portal\/wp-json\/wp\/v2\/categories?post=211755"},{"taxonomy":"post_tag","embeddable":true,"href":"https:\/\/rnoticias.com.mx\/Portal\/wp-json\/wp\/v2\/tags?post=211755"}],"curies":[{"name":"wp","href":"https:\/\/api.w.org\/{rel}","templated":true}]}}