{"id":211752,"date":"2025-03-14T19:23:01","date_gmt":"2025-03-14T19:23:01","guid":{"rendered":"https:\/\/rnoticias.com.mx\/Portal\/?p=211752"},"modified":"2025-03-14T19:23:01","modified_gmt":"2025-03-14T19:23:01","slug":"aranceles-afectaran-precios-de-metales-que-son-exportados-aimmgm","status":"publish","type":"post","link":"https:\/\/rnoticias.com.mx\/Portal\/2025\/03\/14\/aranceles-afectaran-precios-de-metales-que-son-exportados-aimmgm\/","title":{"rendered":"Aranceles afectar\u00e1n precios de metales que son exportados: AIMMGM"},"content":{"rendered":"<p>La Asociaci\u00f3n de Ingenieros de Minas, Metalurgistas y Ge\u00f3logos de M\u00e9xico (AIMMGM) en Sonora, reconoce que la aplicaci\u00f3n de aranceles a metales, puede generar una afectaci\u00f3n econ\u00f3mica en ese sector.<\/p>\n<p>&nbsp;<\/p>\n<p>Su presidente David Ramos F\u00e9lix, se\u00f1al\u00f3 que el colocar aranceles de parte del gobierno de Estados Unidos a metales como el acero y el fierro exportados de M\u00e9xico, va a desencadenar varios problemas asociados al empleo y a la productividad.<\/p>\n<p>&nbsp;<\/p>\n<p><strong>\u00a0\u201cLa afectaci\u00f3n ser\u00eda en el tema del empleo y otro tipo de afectaci\u00f3n ser\u00eda en aquellos minerales o metales que se usan para la fabricaci\u00f3n en otras industrias, aquellas que vayan a exportarse, diferentes partes o piezas que sean de exportaci\u00f3n\u201d, dijo.<\/strong><\/p>\n<p><strong>\u00a0<\/strong><\/p>\n<p>Abund\u00f3, que tambi\u00e9n otros minerales como el oro, cobre, plata que se usan para exportarse, se van a encarecer por esos aranceles y al final quien terminar\u00e1 absorbiendo esos costos ser\u00e1 el consumidor en Estados Unidos.<\/p>\n<p>&nbsp;<\/p>\n","protected":false},"excerpt":{"rendered":"<p>La Asociaci\u00f3n de Ingenieros de Minas, Metalurgistas y Ge\u00f3logos de M\u00e9xico (AIMMGM) en Sonora, reconoce que la aplicaci\u00f3n de aranceles a metales, puede generar una afectaci\u00f3n econ\u00f3mica en ese sector. &nbsp; Su presidente David Ramos F\u00e9lix, se\u00f1al\u00f3 que el colocar aranceles de parte del gobierno de Estados Unidos a metales como el acero y el [&hellip;]<\/p>\n","protected":false},"author":2,"featured_media":211753,"comment_status":"closed","ping_status":"closed","sticky":false,"template":"","format":"standard","meta":{"footnotes":""},"categories":[12870,178],"tags":[12865,12869],"class_list":["post-211752","post","type-post","status-publish","format-standard","has-post-thumbnail","hentry","category-destacadas","category-local","tag-destacadas","tag-local"],"jetpack_featured_media_url":"https:\/\/rnoticias.com.mx\/Portal\/wp-content\/uploads\/2025\/03\/WhatsApp-Image-2023-04-21-at-17.21.44.jpeg","amp_enabled":true,"_links":{"self":[{"href":"https:\/\/rnoticias.com.mx\/Portal\/wp-json\/wp\/v2\/posts\/211752","targetHints":{"allow":["GET"]}}],"collection":[{"href":"https:\/\/rnoticias.com.mx\/Portal\/wp-json\/wp\/v2\/posts"}],"about":[{"href":"https:\/\/rnoticias.com.mx\/Portal\/wp-json\/wp\/v2\/types\/post"}],"author":[{"embeddable":true,"href":"https:\/\/rnoticias.com.mx\/Portal\/wp-json\/wp\/v2\/users\/2"}],"replies":[{"embeddable":true,"href":"https:\/\/rnoticias.com.mx\/Portal\/wp-json\/wp\/v2\/comments?post=211752"}],"version-history":[{"count":1,"href":"https:\/\/rnoticias.com.mx\/Portal\/wp-json\/wp\/v2\/posts\/211752\/revisions"}],"predecessor-version":[{"id":211754,"href":"https:\/\/rnoticias.com.mx\/Portal\/wp-json\/wp\/v2\/posts\/211752\/revisions\/211754"}],"wp:featuredmedia":[{"embeddable":true,"href":"https:\/\/rnoticias.com.mx\/Portal\/wp-json\/wp\/v2\/media\/211753"}],"wp:attachment":[{"href":"https:\/\/rnoticias.com.mx\/Portal\/wp-json\/wp\/v2\/media?parent=211752"}],"wp:term":[{"taxonomy":"category","embeddable":true,"href":"https:\/\/rnoticias.com.mx\/Portal\/wp-json\/wp\/v2\/categories?post=211752"},{"taxonomy":"post_tag","embeddable":true,"href":"https:\/\/rnoticias.com.mx\/Portal\/wp-json\/wp\/v2\/tags?post=211752"}],"curies":[{"name":"wp","href":"https:\/\/api.w.org\/{rel}","templated":true}]}}