{"id":211749,"date":"2025-03-14T19:21:01","date_gmt":"2025-03-14T19:21:01","guid":{"rendered":"https:\/\/rnoticias.com.mx\/Portal\/?p=211749"},"modified":"2025-03-14T19:21:01","modified_gmt":"2025-03-14T19:21:01","slug":"el-domingo-retornaran-valores-calurosos-en-sonora-conagua","status":"publish","type":"post","link":"https:\/\/rnoticias.com.mx\/Portal\/2025\/03\/14\/el-domingo-retornaran-valores-calurosos-en-sonora-conagua\/","title":{"rendered":"El domingo retornar\u00e1n valores calurosos en Sonora: Conagua"},"content":{"rendered":"<p>La Comisi\u00f3n Nacional del Agua (Conagua), inform\u00f3 que para este domingo se volver\u00e1n a sentir valores por encima de los 35 grados cent\u00edgrados en varias regiones del centro y sur de Sonora.<\/p>\n<p>&nbsp;<\/p>\n<p>Gilberto Lagarda V\u00e1zquez, especialista t\u00e9cnico de Conagua en Sonora, dio a conocer que para este viernes y s\u00e1bado habr\u00e1 a\u00fan efectos del frente fr\u00edo 35 con lluvias en regiones altas de la entidad, las m\u00e1ximas no pasar\u00e1n de los 30 grados, pero para el domingo todo ese panorama cambiar\u00e1.<\/p>\n<p>&nbsp;<\/p>\n<p><strong>\u00a0\u201cPara el domingo se espera un incremento importante en las temperaturas, as\u00ed que podr\u00edamos empezar a ver un gran n\u00famero de poblaciones sobre todo del centro y sur del estado que estar\u00e1n presentando valores m\u00e1ximos por encima de los 35 grados cent\u00edgrados\u201d, extern\u00f3.<\/strong><\/p>\n<p><strong>\u00a0<\/strong><\/p>\n<p>A\u00f1adi\u00f3, que para este fin de semana ciudades como Hermosillo presentar\u00e1n m\u00e1ximas de los 27 a los 34 grados, San Luis R\u00edo Colorado de los 22 a los 25, Nogales de los 18 a los 28, Guaymas de los 22 a los 29, Cajeme de los 29 a los 36, Y\u00e9cora de los 19 a los 30 y \u00c1lamos de los 25 a los 32 grados cent\u00edgrados.<\/p>\n<p>&nbsp;<\/p>\n<p>Finalmente, mencion\u00f3, que para el inicio de la pr\u00f3xima semana, se espera se mantengan esas mismas condiciones y en donde prevalecer\u00e1n m\u00e1ximas por encima de los 30 grados en la mayor del territorio sonorense.<\/p>\n<p>&nbsp;<\/p>\n<p>&nbsp;<\/p>\n","protected":false},"excerpt":{"rendered":"<p>La Comisi\u00f3n Nacional del Agua (Conagua), inform\u00f3 que para este domingo se volver\u00e1n a sentir valores por encima de los 35 grados cent\u00edgrados en varias regiones del centro y sur de Sonora. &nbsp; Gilberto Lagarda V\u00e1zquez, especialista t\u00e9cnico de Conagua en Sonora, dio a conocer que para este viernes y s\u00e1bado habr\u00e1 a\u00fan efectos del [&hellip;]<\/p>\n","protected":false},"author":2,"featured_media":211750,"comment_status":"closed","ping_status":"closed","sticky":false,"template":"","format":"standard","meta":{"footnotes":""},"categories":[12870,178],"tags":[12865,12869],"class_list":["post-211749","post","type-post","status-publish","format-standard","has-post-thumbnail","hentry","category-destacadas","category-local","tag-destacadas","tag-local"],"jetpack_featured_media_url":"https:\/\/rnoticias.com.mx\/Portal\/wp-content\/uploads\/2025\/03\/snapshot.webp","amp_enabled":true,"_links":{"self":[{"href":"https:\/\/rnoticias.com.mx\/Portal\/wp-json\/wp\/v2\/posts\/211749","targetHints":{"allow":["GET"]}}],"collection":[{"href":"https:\/\/rnoticias.com.mx\/Portal\/wp-json\/wp\/v2\/posts"}],"about":[{"href":"https:\/\/rnoticias.com.mx\/Portal\/wp-json\/wp\/v2\/types\/post"}],"author":[{"embeddable":true,"href":"https:\/\/rnoticias.com.mx\/Portal\/wp-json\/wp\/v2\/users\/2"}],"replies":[{"embeddable":true,"href":"https:\/\/rnoticias.com.mx\/Portal\/wp-json\/wp\/v2\/comments?post=211749"}],"version-history":[{"count":1,"href":"https:\/\/rnoticias.com.mx\/Portal\/wp-json\/wp\/v2\/posts\/211749\/revisions"}],"predecessor-version":[{"id":211751,"href":"https:\/\/rnoticias.com.mx\/Portal\/wp-json\/wp\/v2\/posts\/211749\/revisions\/211751"}],"wp:featuredmedia":[{"embeddable":true,"href":"https:\/\/rnoticias.com.mx\/Portal\/wp-json\/wp\/v2\/media\/211750"}],"wp:attachment":[{"href":"https:\/\/rnoticias.com.mx\/Portal\/wp-json\/wp\/v2\/media?parent=211749"}],"wp:term":[{"taxonomy":"category","embeddable":true,"href":"https:\/\/rnoticias.com.mx\/Portal\/wp-json\/wp\/v2\/categories?post=211749"},{"taxonomy":"post_tag","embeddable":true,"href":"https:\/\/rnoticias.com.mx\/Portal\/wp-json\/wp\/v2\/tags?post=211749"}],"curies":[{"name":"wp","href":"https:\/\/api.w.org\/{rel}","templated":true}]}}