{"id":211639,"date":"2025-03-13T23:46:24","date_gmt":"2025-03-13T23:46:24","guid":{"rendered":"https:\/\/rnoticias.com.mx\/Portal\/?p=211639"},"modified":"2025-03-13T23:46:24","modified_gmt":"2025-03-13T23:46:24","slug":"justin-trudeau-publica-ultimo-mensaje-como-primer-ministro-de-canada","status":"publish","type":"post","link":"https:\/\/rnoticias.com.mx\/Portal\/2025\/03\/13\/justin-trudeau-publica-ultimo-mensaje-como-primer-ministro-de-canada\/","title":{"rendered":"Justin Trudeau publica \u00faltimo mensaje como primer ministro de Canad\u00e1"},"content":{"rendered":"<p>El primer ministro de Canad\u00e1,\u00a0<a href=\"https:\/\/www.informador.mx\/justin-trudeau-t9153\" target=\"_blank\" rel=\"noopener\"><strong>Justin Trudeau<\/strong><\/a>, se despidi\u00f3 este jueves 13 de marzo de los canadienses con un corto video de tintes patri\u00f3ticos que public\u00f3 en sus redes sociales pocas horas antes de que abandone este viernes el cargo.<\/p>\n<p>En su mensaje titulado\u00a0<strong>&#8220;Una \u00faltima cosa&#8221;<\/strong>, Trudeau expresa su satisfacci\u00f3n de haber sido primer ministro de Canad\u00e1 desde finales de 2015.<\/p>\n<p><mark><strong>&#8220;Estoy orgulloso de haber servido un pa\u00eds lleno de gente que defienden lo que es correcto, est\u00e1n a la altura en todo momento y siempre se apoyan mutuamente cuando m\u00e1s importa&#8221;,<\/strong><\/mark>\u00a0se\u00f1al\u00f3.<\/p>\n<p>&#8220;Este puede ser mi \u00faltimo d\u00eda aqu\u00ed en esta oficina, pero siempre ser\u00e9 canadiense con valent\u00eda y sin pedir disculpas. Lo \u00fanico que pido es que, sin importar lo que pase, no cambien&#8221;, concluy\u00f3 el mandatario canadiense en su alocuci\u00f3n a sus conciudadanos.<\/p>\n<p>Trudeau dejar\u00e1 este viernes el puesto de primer ministro, que\u00a0<mark><strong>asumir\u00e1 el nuevo l\u00edder del gobernante Partido Liberal, el economista Mark Carney.<\/strong><\/mark><\/p>\n<p>Carney ser\u00e1 nombrado primer ministro en una ceremonia p\u00fablica en Ottawa ante la gobernadora general de\u00a0<a href=\"https:\/\/www.informador.mx\/canada-t786\" target=\"_blank\" rel=\"noopener\"><strong>Canad\u00e1<\/strong><\/a>, Mary Simon, que ejerce las funciones de jefa de Estado en representaci\u00f3n del monarca brit\u00e1nico.<\/p>\n<p>Antes, Trudeau se reunir\u00e1 con Simon para formalizar su renuncia. Pero a diferencia de la ceremonia de Carney, el encuentro entre el primer ministro canadiense y su sucesor ser\u00e1 privado.<\/p>\n<p>Cuando Justin Trudeau anunci\u00f3 su renuncia a principios de enero, su figura era cuestionada dentro y fuera de su partido tras m\u00e1s de nueve a\u00f1os en el poder.<\/p>\n<p>Pero desde entonces, en gran medida como consecuencia de su respuesta ante los constantes ataques del presidente estadounidense, Donald Trump, a su figura y la soberan\u00eda canadiense,\u00a0<strong>la imagen y valoraci\u00f3n entre los canadienses se ha recuperado hasta el punto que en estos momentos su nivel de aprobaci\u00f3n es el m\u00e1s alto de los \u00faltimos 12 meses.<\/strong><\/p>\n","protected":false},"excerpt":{"rendered":"<p>El primer ministro de Canad\u00e1,\u00a0Justin Trudeau, se despidi\u00f3 este jueves 13 de marzo de los canadienses con un corto video de tintes patri\u00f3ticos que public\u00f3 en sus redes sociales pocas horas antes de que abandone este viernes el cargo. En su mensaje titulado\u00a0&#8220;Una \u00faltima cosa&#8221;, Trudeau expresa su satisfacci\u00f3n de haber sido primer ministro de [&hellip;]<\/p>\n","protected":false},"author":2,"featured_media":211640,"comment_status":"closed","ping_status":"closed","sticky":false,"template":"","format":"standard","meta":{"footnotes":""},"categories":[12870,182],"tags":[12865,12871],"class_list":["post-211639","post","type-post","status-publish","format-standard","has-post-thumbnail","hentry","category-destacadas","category-internacional","tag-destacadas","tag-internacional"],"jetpack_featured_media_url":"https:\/\/rnoticias.com.mx\/Portal\/wp-content\/uploads\/2025\/03\/541944ad-f264-4356-8829-ebf6ccb55a3d_16-9-discover-aspect-ratio_default_0.jpg","amp_enabled":true,"_links":{"self":[{"href":"https:\/\/rnoticias.com.mx\/Portal\/wp-json\/wp\/v2\/posts\/211639","targetHints":{"allow":["GET"]}}],"collection":[{"href":"https:\/\/rnoticias.com.mx\/Portal\/wp-json\/wp\/v2\/posts"}],"about":[{"href":"https:\/\/rnoticias.com.mx\/Portal\/wp-json\/wp\/v2\/types\/post"}],"author":[{"embeddable":true,"href":"https:\/\/rnoticias.com.mx\/Portal\/wp-json\/wp\/v2\/users\/2"}],"replies":[{"embeddable":true,"href":"https:\/\/rnoticias.com.mx\/Portal\/wp-json\/wp\/v2\/comments?post=211639"}],"version-history":[{"count":1,"href":"https:\/\/rnoticias.com.mx\/Portal\/wp-json\/wp\/v2\/posts\/211639\/revisions"}],"predecessor-version":[{"id":211641,"href":"https:\/\/rnoticias.com.mx\/Portal\/wp-json\/wp\/v2\/posts\/211639\/revisions\/211641"}],"wp:featuredmedia":[{"embeddable":true,"href":"https:\/\/rnoticias.com.mx\/Portal\/wp-json\/wp\/v2\/media\/211640"}],"wp:attachment":[{"href":"https:\/\/rnoticias.com.mx\/Portal\/wp-json\/wp\/v2\/media?parent=211639"}],"wp:term":[{"taxonomy":"category","embeddable":true,"href":"https:\/\/rnoticias.com.mx\/Portal\/wp-json\/wp\/v2\/categories?post=211639"},{"taxonomy":"post_tag","embeddable":true,"href":"https:\/\/rnoticias.com.mx\/Portal\/wp-json\/wp\/v2\/tags?post=211639"}],"curies":[{"name":"wp","href":"https:\/\/api.w.org\/{rel}","templated":true}]}}