{"id":211636,"date":"2025-03-13T23:43:10","date_gmt":"2025-03-13T23:43:10","guid":{"rendered":"https:\/\/rnoticias.com.mx\/Portal\/?p=211636"},"modified":"2025-03-13T23:43:10","modified_gmt":"2025-03-13T23:43:10","slug":"se-aprueba-diseno-de-documentacion-electoral-para-la-eleccion-del-poder-judicial-local","status":"publish","type":"post","link":"https:\/\/rnoticias.com.mx\/Portal\/2025\/03\/13\/se-aprueba-diseno-de-documentacion-electoral-para-la-eleccion-del-poder-judicial-local\/","title":{"rendered":"Se aprueba dise\u00f1o de documentaci\u00f3n  electoral para la elecci\u00f3n del Poder Judicial Local"},"content":{"rendered":"<p style=\"font-weight: 400;\">En cumplimiento con las disposiciones normativas y los est\u00e1ndares de seguridad establecidos por el Instituto Nacional Electoral (INE), el Consejo General del Instituto Estatal Electoral y de Participaci\u00f3n Ciudadana (IEE Sonora), aprob\u00f3 el dise\u00f1o de la documentaci\u00f3n electoral, inclu\u00eddas las boletas, que ser\u00e1n utilizadas el pr\u00f3ximo 1 de junio en la elecci\u00f3n del Poder Judicial Local.<\/p>\n<p style=\"font-weight: 400;\">\n<p style=\"font-weight: 400;\">En sesi\u00f3n extraordinaria, las consejeras y consejeros electorales, validaron la propuesta de la Comisi\u00f3n Permanente de Organizaci\u00f3n y Log\u00edstica Electoral (COYLE), que da cumplimiento al Acuerdo INE\/CTPEEPJF\/004\/2025, en el que se determin\u00f3 la aprobaci\u00f3n de los Formatos \u00danicos de los dise\u00f1os de la documentaci\u00f3n electoral y los modelos de materiales electorales que ser\u00e1n empleados por los los diferentes Organismos P\u00fablicos Locales\u00a0 Electorales (Oples) que celebrar\u00e1n este proceso in\u00e9dito.<\/p>\n<p style=\"font-weight: 400;\">\n<p style=\"font-weight: 400;\">Las boletas aprobadas cumplen con los criterios de funcionalidad y accesibilidad para las y los votantes que acudir\u00e1n a emitir su voto en la Jornada Electoral de la Elecci\u00f3n Extraordinaria del Poder Judicial Local 2025. Entre las caracter\u00edsticas principales, se determin\u00f3 la inclusi\u00f3n de medidas avanzadas para evitar falsificaciones, como el uso de papel seguridad con marca de agua y fibras visibles e invisibles, tintas especiales de dif\u00edcil reproducci\u00f3n y numeraci\u00f3n \u00fanica en cada una.<\/p>\n<p style=\"font-weight: 400;\">\n<p style=\"font-weight: 400;\">El dise\u00f1o contempla dos formatos, los cuales se determinar\u00e1n en funci\u00f3n del n\u00famero de candidaturas registradas en cada elecci\u00f3n. En aquellos casos donde el total de personas candidatas sea de 64 o menos, se emplear\u00e1 una boleta en formato media carta, asegurando que la cantidad de candidaturas por g\u00e9nero no supere las 32.<\/p>\n<p style=\"font-weight: 400;\">\n<p style=\"font-weight: 400;\">Si este l\u00edmite es rebasado, se usar\u00e1 el formato carta para garantizar una presentaci\u00f3n clara y ordenada de la informaci\u00f3n. De manera excepcional, si uno de los listados de candidaturas supera las 32 candidatas o candidatos, se redistribuir\u00e1n en la columna correspondiente al otro g\u00e9nero, sin exceder el umbral total de 64, manteniendo siempre una diferenciaci\u00f3n clara.<\/p>\n<p style=\"font-weight: 400;\">\n<p style=\"font-weight: 400;\">Para facilitar la identificaci\u00f3n de cada tipo de elecci\u00f3n y agilizar los procesos de conteo, escrutinio y c\u00f3mputo las boletas contar\u00e1n con una identidad crom\u00e1tica espec\u00edfica, es decir, una para cada elecci\u00f3n, quedando definido un color para la elecci\u00f3n Magistraturas del Supremo Tribunal de Justicia en color rosa; Magistraturas del Tribunal de Disciplina Judicial en color azul claro; mientras que la boleta de la elecci\u00f3n de Tribunales Regionales Colegiados se emplear\u00e1 verde, y por \u00faltimo\u00a0 en la elecci\u00f3n de Juezas y Jueces ser\u00e1 amarillo dorado.<\/p>\n<p style=\"font-weight: 400;\">\n<p style=\"font-weight: 400;\">El criterio de coloraci\u00f3n sigue el principio aplicable de jerarqu\u00eda dentro del Poder Judicial, en funci\u00f3n de lo establecido en la legislaci\u00f3n local. El dise\u00f1o aprobado forma parte de un paquete integral de documentaci\u00f3n electoral que incluye, adem\u00e1s, la validaci\u00f3n de actas de jornada electoral, hojas de incidentes, bolsas de resguardo para boletas sobrantes y votos emitidos, recibos de entrega y traslado de paquetes electorales, as\u00ed como carteles de resultados que se colocar\u00e1n en las casillas.<\/p>\n<p style=\"font-weight: 400;\">\n<p style=\"font-weight: 400;\">El dise\u00f1o de boletas sigue estrictamente los lineamientos emitidos por el INE y el IEE Sonora para asegurar transparencia y certeza en el proceso.<\/p>\n<p style=\"font-weight: 400;\">\n<p style=\"font-weight: 400;\"><strong>Se aprueba Convenio de colaboraci\u00f3n con el INE<\/strong><\/p>\n<p style=\"font-weight: 400;\">\n<p style=\"font-weight: 400;\">Como parte de los preparativos para el PEEPJL 2025, en la misma sesi\u00f3n, se aprob\u00f3 el contenido del Convenio General de Coordinaci\u00f3n y Colaboraci\u00f3n que se celebrar\u00e1 con el INE. Este Convenio establece las bases para la adecuada organizaci\u00f3n de la elecci\u00f3n extraordinaria local, en concurrencia con la elecci\u00f3n extraordinaria del Poder Judicial de la Federaci\u00f3n.<\/p>\n<p style=\"font-weight: 400;\">\n<p style=\"font-weight: 400;\">El citado Convenio define las responsabilidades y mecanismos de coordinaci\u00f3n, asegurando que cada organismo act\u00fae dentro de su \u00e1mbito de competencia para garantizar una jornada electoral ordenada y eficiente el pr\u00f3ximo 01 de junio de 2025.<\/p>\n<p style=\"font-weight: 400;\">\n<p style=\"font-weight: 400;\">Dentro de los puntos clave de coordinaci\u00f3n se incluyen aspectos esenciales como la integraci\u00f3n de los \u00f3rganos desconcentrados del IEE Sonora, la capacitaci\u00f3n electoral, la instalaci\u00f3n de casillas seccionales \u00fanicas, la producci\u00f3n de documentaci\u00f3n y materiales electorales, la fiscalizaci\u00f3n de ingresos y egresos de candidaturas, as\u00ed como la promoci\u00f3n de la participaci\u00f3n ciudadana.<\/p>\n<p style=\"font-weight: 400;\">\n<p style=\"font-weight: 400;\">Adem\u00e1s, en la misma sesi\u00f3n las consejeras y consejeros electorales aprobaron que las personas candidatas a juzgadoras podr\u00e1n capturar sus datos en el Sistema &#8220;Con\u00f3celes para la elecci\u00f3n de integrantes del Poder Judicial del Estado de Sonora&#8221;, a partir del 25 de marzo de 2025 y hasta el 28 de abril de 2025, con el prop\u00f3sito de que el d\u00eda 29 de abril, coincidiendo con el inicio de las campa\u00f1as, el contenido est\u00e9 accesible para su consulta p\u00fablica a trav\u00e9s del micrositio oficial del IEE Sonora.<\/p>\n<p style=\"font-weight: 400;\">\n<p style=\"font-weight: 400;\">A la par se aprob\u00f3 la propuesta relativa a la Metodolog\u00eda para la promoci\u00f3n de la participaci\u00f3n ciudadana del PEEPJL 2025, con el objetivo de informar a la ciudadan\u00eda sobre las candidaturas registradas de modo imparcial y con fines informativos, entre otras. Lo cual se ajusta a los principios de austeridad, eficacia y eficiencia del gasto p\u00fablico antes citados.<\/p>\n<p style=\"font-weight: 400;\">\n<p style=\"font-weight: 400;\">Finalmente, se aprob\u00f3 la designaci\u00f3n de las personas integrantes de las 57 Oficinas Municipales Electorales, distribuidas en 55 jefaturas de oficina y 15 auxiliares. La designaci\u00f3n se realiz\u00f3 garantizando el principio constitucional de paridad de g\u00e9nero y considerando la experiencia en procesos electorales anteriores. Tambi\u00e9n fue aprobada la Lista de Reserva, en donde quedaron enumeradas 110 ciudadanos y ciudadanas sonorenses.<\/p>\n<p style=\"font-weight: 400;\">\n<p style=\"font-weight: 400;\">Los 57 municipios donde se instalar\u00e1n las Oficinas Municipales Electorales son: Aconchi, Altar, Arivechi, Arizpe, \u00c1til, Bacad\u00e9huachi, Bacanora, Bacerac, Bacoachi, B\u00e1cum, Ban\u00e1michi, Bavi\u00e1cora, Bavispe, Benjam\u00edn Hill, Carb\u00f3, La Colorada, Cucurpe, Cumpas, Divisaderos, Empalme, Fronteras, Granados, Huachinera, Hu\u00e1sabas, Huatabampo, Hu\u00e9pac, \u00cdmuris, Magdalena, Mazat\u00e1n, Naco, N\u00e1cori Chico, Nacozari de Garc\u00eda, \u00d3navas, Opodepe, Oquitoa, Pitiquito, Quiriego, Ray\u00f3n, Rosario, San Felipe de Jes\u00fas, San Javier, San Miguel de Horcasitas, San Pedro de la Cueva, Santa Ana, Santa Cruz, S\u00e1ric, Soyopa, Suaqui Grande, Tepache, Trincheras, Tubutama, Villa Hidalgo, Villa Pesqueira, Y\u00e9cora, General Plutarco El\u00edas Calles, Benito Ju\u00e1rez y San Ignacio R\u00edo Muerto.<\/p>\n<p style=\"font-weight: 400;\">\n<p style=\"font-weight: 400;\">En la sesi\u00f3n estuvieron presentes el consejero presidente, Nery Ruiz Arvizu, las consejeras electorales Linda Viridiana Calder\u00f3n Monta\u00f1o, Flor Terecita Barcel\u00f3 Noriega,\u00a0 as\u00ed como los consejeros Benjam\u00edn Hern\u00e1ndez \u00c1valos, Wilfredo Rom\u00e1n Morales Silva y Jaime Olea Miranda, adem\u00e1s del secretario ejecutivo, Fernando Chapetti Siordia y de forma virtual la consejera Alma Lorena Alonso Valdivia.<\/p>\n","protected":false},"excerpt":{"rendered":"<p>En cumplimiento con las disposiciones normativas y los est\u00e1ndares de seguridad establecidos por el Instituto Nacional Electoral (INE), el Consejo General del Instituto Estatal Electoral y de Participaci\u00f3n Ciudadana (IEE Sonora), aprob\u00f3 el dise\u00f1o de la documentaci\u00f3n electoral, inclu\u00eddas las boletas, que ser\u00e1n utilizadas el pr\u00f3ximo 1 de junio en la elecci\u00f3n del Poder Judicial [&hellip;]<\/p>\n","protected":false},"author":2,"featured_media":211637,"comment_status":"closed","ping_status":"closed","sticky":false,"template":"","format":"standard","meta":{"footnotes":""},"categories":[12870,178],"tags":[12865,12869],"class_list":["post-211636","post","type-post","status-publish","format-standard","has-post-thumbnail","hentry","category-destacadas","category-local","tag-destacadas","tag-local"],"jetpack_featured_media_url":"https:\/\/rnoticias.com.mx\/Portal\/wp-content\/uploads\/2025\/03\/Sesion-extraordinaria_13-de-marzo-1.jpg","amp_enabled":true,"_links":{"self":[{"href":"https:\/\/rnoticias.com.mx\/Portal\/wp-json\/wp\/v2\/posts\/211636","targetHints":{"allow":["GET"]}}],"collection":[{"href":"https:\/\/rnoticias.com.mx\/Portal\/wp-json\/wp\/v2\/posts"}],"about":[{"href":"https:\/\/rnoticias.com.mx\/Portal\/wp-json\/wp\/v2\/types\/post"}],"author":[{"embeddable":true,"href":"https:\/\/rnoticias.com.mx\/Portal\/wp-json\/wp\/v2\/users\/2"}],"replies":[{"embeddable":true,"href":"https:\/\/rnoticias.com.mx\/Portal\/wp-json\/wp\/v2\/comments?post=211636"}],"version-history":[{"count":1,"href":"https:\/\/rnoticias.com.mx\/Portal\/wp-json\/wp\/v2\/posts\/211636\/revisions"}],"predecessor-version":[{"id":211638,"href":"https:\/\/rnoticias.com.mx\/Portal\/wp-json\/wp\/v2\/posts\/211636\/revisions\/211638"}],"wp:featuredmedia":[{"embeddable":true,"href":"https:\/\/rnoticias.com.mx\/Portal\/wp-json\/wp\/v2\/media\/211637"}],"wp:attachment":[{"href":"https:\/\/rnoticias.com.mx\/Portal\/wp-json\/wp\/v2\/media?parent=211636"}],"wp:term":[{"taxonomy":"category","embeddable":true,"href":"https:\/\/rnoticias.com.mx\/Portal\/wp-json\/wp\/v2\/categories?post=211636"},{"taxonomy":"post_tag","embeddable":true,"href":"https:\/\/rnoticias.com.mx\/Portal\/wp-json\/wp\/v2\/tags?post=211636"}],"curies":[{"name":"wp","href":"https:\/\/api.w.org\/{rel}","templated":true}]}}