{"id":211630,"date":"2025-03-13T22:01:03","date_gmt":"2025-03-13T22:01:03","guid":{"rendered":"https:\/\/rnoticias.com.mx\/Portal\/?p=211630"},"modified":"2025-03-13T22:01:03","modified_gmt":"2025-03-13T22:01:03","slug":"tendra-viactiva-exhibicion-de-volkswagen-en-car-show-este-domingo","status":"publish","type":"post","link":"https:\/\/rnoticias.com.mx\/Portal\/2025\/03\/13\/tendra-viactiva-exhibicion-de-volkswagen-en-car-show-este-domingo\/","title":{"rendered":"Tendr\u00e1 Viactiva exhibici\u00f3n de Volkswagen en Car Show este domingo"},"content":{"rendered":"<p><b data-olk-copy-source=\"MessageBody\">Hermosillo, Sonora; 13 de marzo, 2025.-\u00a0<\/b>Apasionados de los autom\u00f3viles y familias podr\u00e1n disfrutar una atractiva exhibici\u00f3n de Volkswagen en el Car Show que V\u00edactiva ha programado para este domingo 16 de marzo en el estacionamiento del Museo de Arte de Sonora (MUSAS), expres\u00f3 Fernanda Cisneros Rodr\u00edguez.<\/p>\n<p aria-hidden=\"true\">\n<p>La directora de Desarrollo Tur\u00edstico de la Agencia Municipal de Desarrollo Econ\u00f3mico (AMDE) invit\u00f3 a hermosillenses y visitantes divertirse durante la edici\u00f3n 291 de V\u00edactiva que contar\u00e1 con m\u00e1s de 200 veh\u00edculos en exhibici\u00f3n desde los a\u00f1os 50s hasta el 2024 cuyas modificaciones reflejan el estilo y personalidad de su due\u00f1o.<\/p>\n<p aria-hidden=\"true\">\n<p>Junto a Octavio Avenda\u00f1o Trujillo, director de MUSAS y Julio C\u00e9sar Corral Rosas, presidente de Volks de la H, detall\u00f3 las actividades que conformar\u00e1n de este evento para el p\u00fablico en general de 1:00 pm a 8:00 pm, al que se sumar\u00e1n premiaciones, entrega de trofeos y un top 100 de veh\u00edculos participantes.<\/p>\n<p aria-hidden=\"true\">\n<p>\u201cAgradecemos mucho a todas las personas que van a venir de fuera, es muy grato para nosotros como Ayuntamiento el poder recibir a personas de otras partes del estado. Sabemos que hay much\u00edsima gente muy aficionada a la exhibici\u00f3n de carros, coleccionistas y a las ni\u00f1as y ni\u00f1os les gusta venir a tomarse fotos\u201d, agreg\u00f3.<\/p>\n<p aria-hidden=\"true\">\n<p>Aunada a una vistosa exhibici\u00f3n que incluyen bochos, combis, golf y jettas, entre otros modelos, los asistentes podr\u00e1n conocer la historia que cada veh\u00edculo guarda como el Notchback negro proveniente de Jap\u00f3n que se sumar\u00e1 a esta exhibici\u00f3n con tem\u00e1tica Volkswagen.<\/p>\n<p aria-hidden=\"true\">\n<p>Por su parte Octaviano Avenda\u00f1o, detall\u00f3 que actualmente MUSAS cuenta con exposiciones de Bosco Sodi, Mario Medina, Andr\u00e9s Gavira, artistas latinoamericanos a trav\u00e9s de \u201cSimulacros interplanetarios\u201d y la \u201cHistoria de la fotograf\u00eda en Sonora\u201d donde podr\u00e1n conocer a la primera fot\u00f3grafa Claudia H Gonz\u00e1lez.<\/p>\n<p aria-hidden=\"true\">\n<p>El Ayuntamiento de Hermosillo a trav\u00e9s de Viactiva \u201cTu ciudad, tu espacio\u201d invita a familias a disfrutar un domingo donde el rugir de los motores, m\u00fasica, comida y \u00e1rea infantil para ni\u00f1os formar\u00e1 parte de los atractivos de la edici\u00f3n 2025 del Car Show.<\/p>\n","protected":false},"excerpt":{"rendered":"<p>Hermosillo, Sonora; 13 de marzo, 2025.-\u00a0Apasionados de los autom\u00f3viles y familias podr\u00e1n disfrutar una atractiva exhibici\u00f3n de Volkswagen en el Car Show que V\u00edactiva ha programado para este domingo 16 de marzo en el estacionamiento del Museo de Arte de Sonora (MUSAS), expres\u00f3 Fernanda Cisneros Rodr\u00edguez. La directora de Desarrollo Tur\u00edstico de la Agencia Municipal [&hellip;]<\/p>\n","protected":false},"author":2,"featured_media":211631,"comment_status":"closed","ping_status":"closed","sticky":false,"template":"","format":"standard","meta":{"footnotes":""},"categories":[12870,178],"tags":[12865,12869],"class_list":["post-211630","post","type-post","status-publish","format-standard","has-post-thumbnail","hentry","category-destacadas","category-local","tag-destacadas","tag-local"],"jetpack_featured_media_url":"https:\/\/rnoticias.com.mx\/Portal\/wp-content\/uploads\/2025\/03\/Tendra-Viactiva-exhibicion-de-Volkswagen-en-Car-Show-este-domingo4.jpeg","amp_enabled":true,"_links":{"self":[{"href":"https:\/\/rnoticias.com.mx\/Portal\/wp-json\/wp\/v2\/posts\/211630","targetHints":{"allow":["GET"]}}],"collection":[{"href":"https:\/\/rnoticias.com.mx\/Portal\/wp-json\/wp\/v2\/posts"}],"about":[{"href":"https:\/\/rnoticias.com.mx\/Portal\/wp-json\/wp\/v2\/types\/post"}],"author":[{"embeddable":true,"href":"https:\/\/rnoticias.com.mx\/Portal\/wp-json\/wp\/v2\/users\/2"}],"replies":[{"embeddable":true,"href":"https:\/\/rnoticias.com.mx\/Portal\/wp-json\/wp\/v2\/comments?post=211630"}],"version-history":[{"count":1,"href":"https:\/\/rnoticias.com.mx\/Portal\/wp-json\/wp\/v2\/posts\/211630\/revisions"}],"predecessor-version":[{"id":211632,"href":"https:\/\/rnoticias.com.mx\/Portal\/wp-json\/wp\/v2\/posts\/211630\/revisions\/211632"}],"wp:featuredmedia":[{"embeddable":true,"href":"https:\/\/rnoticias.com.mx\/Portal\/wp-json\/wp\/v2\/media\/211631"}],"wp:attachment":[{"href":"https:\/\/rnoticias.com.mx\/Portal\/wp-json\/wp\/v2\/media?parent=211630"}],"wp:term":[{"taxonomy":"category","embeddable":true,"href":"https:\/\/rnoticias.com.mx\/Portal\/wp-json\/wp\/v2\/categories?post=211630"},{"taxonomy":"post_tag","embeddable":true,"href":"https:\/\/rnoticias.com.mx\/Portal\/wp-json\/wp\/v2\/tags?post=211630"}],"curies":[{"name":"wp","href":"https:\/\/api.w.org\/{rel}","templated":true}]}}