{"id":211624,"date":"2025-03-13T20:57:53","date_gmt":"2025-03-13T20:57:53","guid":{"rendered":"https:\/\/rnoticias.com.mx\/Portal\/?p=211624"},"modified":"2025-03-13T20:57:53","modified_gmt":"2025-03-13T20:57:53","slug":"bombero-y-su-madre-son-asesinados-a-balazos-en-la-costa-de-hermosillo","status":"publish","type":"post","link":"https:\/\/rnoticias.com.mx\/Portal\/2025\/03\/13\/bombero-y-su-madre-son-asesinados-a-balazos-en-la-costa-de-hermosillo\/","title":{"rendered":"Bombero y su madre son asesinados a balazos en la Costa de Hermosillo"},"content":{"rendered":"<p class=\"ei-articleBody__StyledText-sc-1wmd47a-1 gXgyFY body-paragraph ei-article-body-text\">HERMOSILLO, SONORA.-\u00a0<b>Francisco Javier Mendoza Baldenebro<\/b>, de 42 a\u00f1os de edad, un\u00a0<b>miembro del Cuerpo de Bomberos\u00a0<\/b>asignado a la Estaci\u00f3n del Poblado Miguel Alem\u00e1n, fue<b>\u00a0asesinado junto a su madre<\/b>, de 64 a\u00f1os, en la Costa de Hermosillo.<\/p>\n<p class=\"ei-articleBody__StyledText-sc-1wmd47a-1 gXgyFY body-paragraph ei-article-body-text\">El personal del Departamento de Bomberos de Hermosillo confirm\u00f3 el fallecimiento del bombero, quien llevaba al menos 5 a\u00f1os en la corporaci\u00f3n y<b>\u00a0ten\u00eda programado ingresar a su turno el d\u00eda de hoy, pero lamentablemente no lleg\u00f3.<\/b><\/p>\n<div>\n<div class=\"truvidPos\">\n<div><\/div>\n<\/div>\n<\/div>\n<blockquote class=\"ei-articleBodyBlockquote__BlockquoteContainer-sc-1cfj0bi-0 cDwQIc ei-blockquote-ctn\" cite=\"https:\/\/www.elimparcial.com\/son\/hermosillo\/2025\/03\/13\/bombero-y-su-madre-son-asesinados-a-balazos-en-la-costa-de-hermosillo\/\">\n<p class=\"secondary-font__SecondaryFontStyles-sc-xwub3d-0 jGKTtR\">Estamos a la espera de m\u00e1s informaci\u00f3n; es un tema legal, por lo que debemos esperar. Tambi\u00e9n tenemos que ver c\u00f3mo se gestionar\u00e1 el servicio funerario y la ceremonia luctuosa\u201d, coment\u00f3 una fuente del Departamento de Bomberos.<\/p>\n<\/blockquote>\n<p class=\"ei-articleBody__StyledText-sc-1wmd47a-1 gXgyFY body-paragraph ei-article-body-text\">\u201cAdem\u00e1s, estamos esperando lo que la familia nos pueda comunicar debido a la sensibilidad del tema y c\u00f3mo ocurrieron los hechos. Seguimos esperando m\u00e1s informaci\u00f3n\u201d, agreg\u00f3 la fuente.<\/p>\n<p>&nbsp;<\/p>\n<p>El Imparcial<\/p>\n<div class=\"block-margin-bottom\">\n<div>\n<div><\/div>\n<\/div>\n<\/div>\n","protected":false},"excerpt":{"rendered":"<p>HERMOSILLO, SONORA.-\u00a0Francisco Javier Mendoza Baldenebro, de 42 a\u00f1os de edad, un\u00a0miembro del Cuerpo de Bomberos\u00a0asignado a la Estaci\u00f3n del Poblado Miguel Alem\u00e1n, fue\u00a0asesinado junto a su madre, de 64 a\u00f1os, en la Costa de Hermosillo. El personal del Departamento de Bomberos de Hermosillo confirm\u00f3 el fallecimiento del bombero, quien llevaba al menos 5 a\u00f1os en [&hellip;]<\/p>\n","protected":false},"author":2,"featured_media":211625,"comment_status":"closed","ping_status":"closed","sticky":false,"template":"","format":"standard","meta":{"footnotes":""},"categories":[12870,178],"tags":[12865,12869],"class_list":["post-211624","post","type-post","status-publish","format-standard","has-post-thumbnail","hentry","category-destacadas","category-local","tag-destacadas","tag-local"],"jetpack_featured_media_url":"https:\/\/rnoticias.com.mx\/Portal\/wp-content\/uploads\/2025\/03\/Diseno-sin-titulo-26.webp","amp_enabled":true,"_links":{"self":[{"href":"https:\/\/rnoticias.com.mx\/Portal\/wp-json\/wp\/v2\/posts\/211624","targetHints":{"allow":["GET"]}}],"collection":[{"href":"https:\/\/rnoticias.com.mx\/Portal\/wp-json\/wp\/v2\/posts"}],"about":[{"href":"https:\/\/rnoticias.com.mx\/Portal\/wp-json\/wp\/v2\/types\/post"}],"author":[{"embeddable":true,"href":"https:\/\/rnoticias.com.mx\/Portal\/wp-json\/wp\/v2\/users\/2"}],"replies":[{"embeddable":true,"href":"https:\/\/rnoticias.com.mx\/Portal\/wp-json\/wp\/v2\/comments?post=211624"}],"version-history":[{"count":1,"href":"https:\/\/rnoticias.com.mx\/Portal\/wp-json\/wp\/v2\/posts\/211624\/revisions"}],"predecessor-version":[{"id":211626,"href":"https:\/\/rnoticias.com.mx\/Portal\/wp-json\/wp\/v2\/posts\/211624\/revisions\/211626"}],"wp:featuredmedia":[{"embeddable":true,"href":"https:\/\/rnoticias.com.mx\/Portal\/wp-json\/wp\/v2\/media\/211625"}],"wp:attachment":[{"href":"https:\/\/rnoticias.com.mx\/Portal\/wp-json\/wp\/v2\/media?parent=211624"}],"wp:term":[{"taxonomy":"category","embeddable":true,"href":"https:\/\/rnoticias.com.mx\/Portal\/wp-json\/wp\/v2\/categories?post=211624"},{"taxonomy":"post_tag","embeddable":true,"href":"https:\/\/rnoticias.com.mx\/Portal\/wp-json\/wp\/v2\/tags?post=211624"}],"curies":[{"name":"wp","href":"https:\/\/api.w.org\/{rel}","templated":true}]}}