{"id":211615,"date":"2025-03-13T20:24:33","date_gmt":"2025-03-13T20:24:33","guid":{"rendered":"https:\/\/rnoticias.com.mx\/Portal\/?p=211615"},"modified":"2025-03-13T20:24:33","modified_gmt":"2025-03-13T20:24:33","slug":"frente-frio-dejara-lluvias-y-bajas-temperaturas-a-sonora-conagua","status":"publish","type":"post","link":"https:\/\/rnoticias.com.mx\/Portal\/2025\/03\/13\/frente-frio-dejara-lluvias-y-bajas-temperaturas-a-sonora-conagua\/","title":{"rendered":"Frente frio dejar\u00e1 lluvias y bajas temperaturas a Sonora: Conagua"},"content":{"rendered":"<p>La Comisi\u00f3n Nacional del Agua en Sonora (Conagua), se\u00f1al\u00f3 que los efectos que dejar\u00e1 en la entidad el frente fr\u00edo n\u00famero 35 de la temporada, ser\u00e1n lluvias asi como una disminuci\u00f3n de temperaturas especialmente en las zonas del norte y oriente.<\/p>\n<p>&nbsp;<\/p>\n<p>Gilberto Lagarda V\u00e1zquez, especialista t\u00e9cnico de Conagua, se\u00f1al\u00f3 que los efectos de ese nuevo fen\u00f3meno meteorol\u00f3gico, se ver\u00e1n con m\u00e1s fuerza este viernes cuando ya est\u00e9 ingresando a la entidad.<\/p>\n<p>&nbsp;<\/p>\n<p><strong>\u00a0\u201cQue va a significar para Sonora: vamos a tener nublados en forma intermitente con posibilidades de lluvias principalmente para el norte y oriente del estado. Un potencial de un 40 por ciento para que se presenten lluvias de ligeras a moderadas en esa regi\u00f3n. <\/strong><\/p>\n<p><strong>La parte serrana y del centro anda m\u00e1s baja, es de alrededor de un 20 a un 30 por ciento para que se presenten lluvias en esta zona\u201d, dijo.<\/strong><\/p>\n<p>&nbsp;<\/p>\n<p>Por otra parte, mencion\u00f3 que este sistema va a generar algunas rachas de vientos fuertes para las zonas de norte y oriente, as\u00ed como moderadas para las regiones del centro y sur del estado.<\/p>\n<p>&nbsp;<\/p>\n<p>Finalmente, Gilberto Lagarda mencion\u00f3, que se espera un descenso moderado de las temperaturas por los efectos de la masa de aire frio que acompa\u00f1a a ese frente el n\u00famero 35 de la temporada y ello har\u00e1 que, por las pr\u00f3ximas horas, las ma\u00f1anas y noches sean m\u00e1s heladas.<\/p>\n<p>&nbsp;<\/p>\n","protected":false},"excerpt":{"rendered":"<p>La Comisi\u00f3n Nacional del Agua en Sonora (Conagua), se\u00f1al\u00f3 que los efectos que dejar\u00e1 en la entidad el frente fr\u00edo n\u00famero 35 de la temporada, ser\u00e1n lluvias asi como una disminuci\u00f3n de temperaturas especialmente en las zonas del norte y oriente. &nbsp; Gilberto Lagarda V\u00e1zquez, especialista t\u00e9cnico de Conagua, se\u00f1al\u00f3 que los efectos de ese [&hellip;]<\/p>\n","protected":false},"author":2,"featured_media":211616,"comment_status":"closed","ping_status":"closed","sticky":false,"template":"","format":"standard","meta":{"footnotes":""},"categories":[12870,174],"tags":[12865,12873],"class_list":["post-211615","post","type-post","status-publish","format-standard","has-post-thumbnail","hentry","category-destacadas","category-estatal","tag-destacadas","tag-estatal"],"jetpack_featured_media_url":"https:\/\/rnoticias.com.mx\/Portal\/wp-content\/uploads\/2025\/03\/b5a359e2-0c3b-46d4-846b-7c1bde3e327d.jpg","amp_enabled":true,"_links":{"self":[{"href":"https:\/\/rnoticias.com.mx\/Portal\/wp-json\/wp\/v2\/posts\/211615","targetHints":{"allow":["GET"]}}],"collection":[{"href":"https:\/\/rnoticias.com.mx\/Portal\/wp-json\/wp\/v2\/posts"}],"about":[{"href":"https:\/\/rnoticias.com.mx\/Portal\/wp-json\/wp\/v2\/types\/post"}],"author":[{"embeddable":true,"href":"https:\/\/rnoticias.com.mx\/Portal\/wp-json\/wp\/v2\/users\/2"}],"replies":[{"embeddable":true,"href":"https:\/\/rnoticias.com.mx\/Portal\/wp-json\/wp\/v2\/comments?post=211615"}],"version-history":[{"count":1,"href":"https:\/\/rnoticias.com.mx\/Portal\/wp-json\/wp\/v2\/posts\/211615\/revisions"}],"predecessor-version":[{"id":211617,"href":"https:\/\/rnoticias.com.mx\/Portal\/wp-json\/wp\/v2\/posts\/211615\/revisions\/211617"}],"wp:featuredmedia":[{"embeddable":true,"href":"https:\/\/rnoticias.com.mx\/Portal\/wp-json\/wp\/v2\/media\/211616"}],"wp:attachment":[{"href":"https:\/\/rnoticias.com.mx\/Portal\/wp-json\/wp\/v2\/media?parent=211615"}],"wp:term":[{"taxonomy":"category","embeddable":true,"href":"https:\/\/rnoticias.com.mx\/Portal\/wp-json\/wp\/v2\/categories?post=211615"},{"taxonomy":"post_tag","embeddable":true,"href":"https:\/\/rnoticias.com.mx\/Portal\/wp-json\/wp\/v2\/tags?post=211615"}],"curies":[{"name":"wp","href":"https:\/\/api.w.org\/{rel}","templated":true}]}}