{"id":211562,"date":"2025-03-13T16:56:51","date_gmt":"2025-03-13T16:56:51","guid":{"rendered":"https:\/\/rnoticias.com.mx\/Portal\/?p=211562"},"modified":"2025-03-13T16:56:51","modified_gmt":"2025-03-13T16:56:51","slug":"la-liga-arco-celebra-primera-asamblea-del-ciclo-2025-2026","status":"publish","type":"post","link":"https:\/\/rnoticias.com.mx\/Portal\/2025\/03\/13\/la-liga-arco-celebra-primera-asamblea-del-ciclo-2025-2026\/","title":{"rendered":"LA LIGA ARCO CELEBRA PRIMERA ASAMBLEA DEL CICLO 2025-2026"},"content":{"rendered":"<p><strong>Guadalajara, Jalisco; 13 de marzo de 2025 (Comunicaci\u00f3n Liga ARCO).- <\/strong>Este martes 11 de marzo, se realiz\u00f3 la primera asamblea de presidentes de la Liga ARCO Mexicana del Pac\u00edfico, en la cual se evalu\u00f3 el reci\u00e9n concluido ciclo invernal, que finaliz\u00f3 con la Serie del Caribe Mexicali 2025.<\/p>\n<p>En la reuni\u00f3n estuvieron presentes los presidentes y representantes de los 10 clubes, as\u00ed como el presidente del circuito Ing. Carlos Manrique Gonz\u00e1lez y el director deportivo de la LAMP, Lic. Christian Veliz Valencia.<\/p>\n<p>La sesi\u00f3n que tuvo de sede la ciudad de Guadalajara, Jalisco, toc\u00f3 temas deportivos de cara a la Temporada 2025-2026 presentada por Caliente.mx, incluida la realizaci\u00f3n del sorteo para el pr\u00f3ximo Draft, mismo que qued\u00f3 de la siguiente manera y que se celebrar\u00e1 el pr\u00f3ximo martes 1 de julio en sede a\u00fan por definir.<\/p>\n<p>Nacionales:<\/p>\n<ol class=\"wp-block-list\" start=\"1\">\n<li>Algodoneros de Guasave<\/li>\n<li>Charros de Jalisco<\/li>\n<li>Mayos de Navojoa<\/li>\n<li>\u00c1guilas de Mexicali<\/li>\n<li>Ca\u00f1eros de Los Mochis<\/li>\n<li><strong>Naranjeros de Hermosillo<\/strong><\/li>\n<li>Tomateros de Culiac\u00e1n<\/li>\n<li>Yaquis de Obreg\u00f3n<\/li>\n<li>Venados de Mazatl\u00e1n<\/li>\n<li>Sultanes de Monterrey<\/li>\n<\/ol>\n<p>Extranjeros:<\/p>\n<ol class=\"wp-block-list\" start=\"1\">\n<li>Venados de Mazatl\u00e1n<\/li>\n<li>Algodoneros de Guasave<\/li>\n<li>\u00c1guilas de Mexicali<\/li>\n<li>Tomateros de Culiac\u00e1n<\/li>\n<li>Charros de Jalisco<\/li>\n<li>Ca\u00f1eros de Los Mochis<\/li>\n<li>Mayos de Navojoa<\/li>\n<li>Yaquis de Obreg\u00f3n<\/li>\n<li><strong>Naranjeros de Hermosillo<\/strong><\/li>\n<li>Sultanes de Monterrey<\/li>\n<\/ol>\n<p>La Liga ARCO continuar\u00e1 trabajando en las evaluaciones generales de la pasada campa\u00f1a, planes de difusi\u00f3n, aplicaci\u00f3n de reglas actuales de MLB, etc\u00e9tera, siempre en busca de continuar con el crecimiento del circuito.<\/p>\n","protected":false},"excerpt":{"rendered":"<p>Guadalajara, Jalisco; 13 de marzo de 2025 (Comunicaci\u00f3n Liga ARCO).- Este martes 11 de marzo, se realiz\u00f3 la primera asamblea de presidentes de la Liga ARCO Mexicana del Pac\u00edfico, en la cual se evalu\u00f3 el reci\u00e9n concluido ciclo invernal, que finaliz\u00f3 con la Serie del Caribe Mexicali 2025. En la reuni\u00f3n estuvieron presentes los presidentes [&hellip;]<\/p>\n","protected":false},"author":2,"featured_media":211563,"comment_status":"closed","ping_status":"closed","sticky":false,"template":"","format":"standard","meta":{"footnotes":""},"categories":[188,12870],"tags":[5231,12865],"class_list":["post-211562","post","type-post","status-publish","format-standard","has-post-thumbnail","hentry","category-deportes","category-destacadas","tag-deportes","tag-destacadas"],"jetpack_featured_media_url":"https:\/\/rnoticias.com.mx\/Portal\/wp-content\/uploads\/2025\/03\/12mar-AsambleaLMP-1024x635-1.jpg","amp_enabled":true,"_links":{"self":[{"href":"https:\/\/rnoticias.com.mx\/Portal\/wp-json\/wp\/v2\/posts\/211562","targetHints":{"allow":["GET"]}}],"collection":[{"href":"https:\/\/rnoticias.com.mx\/Portal\/wp-json\/wp\/v2\/posts"}],"about":[{"href":"https:\/\/rnoticias.com.mx\/Portal\/wp-json\/wp\/v2\/types\/post"}],"author":[{"embeddable":true,"href":"https:\/\/rnoticias.com.mx\/Portal\/wp-json\/wp\/v2\/users\/2"}],"replies":[{"embeddable":true,"href":"https:\/\/rnoticias.com.mx\/Portal\/wp-json\/wp\/v2\/comments?post=211562"}],"version-history":[{"count":1,"href":"https:\/\/rnoticias.com.mx\/Portal\/wp-json\/wp\/v2\/posts\/211562\/revisions"}],"predecessor-version":[{"id":211564,"href":"https:\/\/rnoticias.com.mx\/Portal\/wp-json\/wp\/v2\/posts\/211562\/revisions\/211564"}],"wp:featuredmedia":[{"embeddable":true,"href":"https:\/\/rnoticias.com.mx\/Portal\/wp-json\/wp\/v2\/media\/211563"}],"wp:attachment":[{"href":"https:\/\/rnoticias.com.mx\/Portal\/wp-json\/wp\/v2\/media?parent=211562"}],"wp:term":[{"taxonomy":"category","embeddable":true,"href":"https:\/\/rnoticias.com.mx\/Portal\/wp-json\/wp\/v2\/categories?post=211562"},{"taxonomy":"post_tag","embeddable":true,"href":"https:\/\/rnoticias.com.mx\/Portal\/wp-json\/wp\/v2\/tags?post=211562"}],"curies":[{"name":"wp","href":"https:\/\/api.w.org\/{rel}","templated":true}]}}